{"id":232,"date":"2021-08-11T15:43:49","date_gmt":"2021-08-11T18:43:49","guid":{"rendered":"https:\/\/interessatb.com.br\/?p=232"},"modified":"2022-08-21T11:10:59","modified_gmt":"2022-08-21T14:10:59","slug":"faleceu-ontem-dr-zezito-destaque-da-politica-tibagiense","status":"publish","type":"post","link":"https:\/\/interessatb.com.br\/?p=232","title":{"rendered":"Faleceu Dr. Zezito, destaque da pol\u00edtica tibagiense"},"content":{"rendered":"\n<p>Aos 90 anos faleceu ontem (10) Jos\u00e9 Tibagy de Mello, mais conhecido como Dr. Zezito. Eminente figura da vida p\u00fablica de Tibagi, foi prefeito do munic\u00edpio por 3 mandatos e atualmente ocupava a presid\u00eancia da C\u00e2mara Municipal. Se destacou por ser o mais idoso vereador eleito do Brasil. Sua morte foi motivada por complica\u00e7\u00f5es em decorr\u00eancia da COVID-19.<\/p>\n\n\n\n<p>Deixa esposa e quatro filhos, dentre eles sua filha \u00c2ngela Mercer de Mello Nasser, a primeira mulher a assumir o posto de prefeita.  \u201cEle deixou um legado muito grande para o munic\u00edpio, uma pessoa conciliadora que sempre trabalhou pelo povo tibagiano&#8230;&#8221; lamenta o prefeito Artur Butina.<\/p>\n\n\n\n<p>V<strong>eja tamb\u00e9m<\/strong><\/p>\n\n\n\n<p><a href=\"https:\/\/interessatb.com.br\/2021\/07\/29\/museu-de-tibagi-homenageia-o-futebol-da-cidade-com-exposicao\/\">Museu de Tibagi homenageia o futebol da cidade com exposi\u00e7\u00e3o<\/a><\/p>\n\n\n\n<p><a href=\"https:\/\/interessatb.com.br\/2021\/07\/28\/ortigueira-apresenta-o-menor-numero-de-casos-registrados-de-covid-19-desde-janeiro-deste-ano\/\">Ortigueira apresenta o menor n\u00famero de casos registrados de Covid-19 desde janeiro deste ano<\/a><\/p>\n\n\n\n<p><\/p>\n\n\n\n<p><\/p>\n\n\n\n<p><\/p>\n","protected":false},"excerpt":{"rendered":"<div class=\"mh-excerpt\"><p>Aos 90 anos faleceu ontem (10) Jos\u00e9 Tibagy de Mello, mais conhecido como Dr. Zezito. Eminente figura da vida p\u00fablica de Tibagi, foi prefeito do <a class=\"mh-excerpt-more\" href=\"https:\/\/interessatb.com.br\/?p=232\" title=\"Faleceu Dr. Zezito, destaque da pol\u00edtica tibagiense\">[&#8230;]<\/a><\/p>\n<\/div>","protected":false},"author":1,"featured_media":1254,"comment_status":"closed","ping_status":"closed","sticky":false,"template":"","format":"standard","meta":{"footnotes":""},"categories":[13,14],"tags":[],"class_list":["post-232","post","type-post","status-publish","format-standard","has-post-thumbnail","hentry","category-politica","category-regiao"],"_links":{"self":[{"href":"https:\/\/interessatb.com.br\/index.php?rest_route=\/wp\/v2\/posts\/232","targetHints":{"allow":["GET"]}}],"collection":[{"href":"https:\/\/interessatb.com.br\/index.php?rest_route=\/wp\/v2\/posts"}],"about":[{"href":"https:\/\/interessatb.com.br\/index.php?rest_route=\/wp\/v2\/types\/post"}],"author":[{"embeddable":true,"href":"https:\/\/interessatb.com.br\/index.php?rest_route=\/wp\/v2\/users\/1"}],"replies":[{"embeddable":true,"href":"https:\/\/interessatb.com.br\/index.php?rest_route=%2Fwp%2Fv2%2Fcomments&post=232"}],"version-history":[{"count":1,"href":"https:\/\/interessatb.com.br\/index.php?rest_route=\/wp\/v2\/posts\/232\/revisions"}],"predecessor-version":[{"id":1255,"href":"https:\/\/interessatb.com.br\/index.php?rest_route=\/wp\/v2\/posts\/232\/revisions\/1255"}],"wp:featuredmedia":[{"embeddable":true,"href":"https:\/\/interessatb.com.br\/index.php?rest_route=\/wp\/v2\/media\/1254"}],"wp:attachment":[{"href":"https:\/\/interessatb.com.br\/index.php?rest_route=%2Fwp%2Fv2%2Fmedia&parent=232"}],"wp:term":[{"taxonomy":"category","embeddable":true,"href":"https:\/\/interessatb.com.br\/index.php?rest_route=%2Fwp%2Fv2%2Fcategories&post=232"},{"taxonomy":"post_tag","embeddable":true,"href":"https:\/\/interessatb.com.br\/index.php?rest_route=%2Fwp%2Fv2%2Ftags&post=232"}],"curies":[{"name":"wp","href":"https:\/\/api.w.org\/{rel}","templated":true}]}}