{"id":2327,"date":"2023-04-25T06:52:36","date_gmt":"2023-04-25T09:52:36","guid":{"rendered":"https:\/\/interessatb.com.br\/?p=2327"},"modified":"2023-04-25T06:52:36","modified_gmt":"2023-04-25T09:52:36","slug":"polo-digital-gralha-azul-promove-rodada-de-negocios","status":"publish","type":"post","link":"https:\/\/interessatb.com.br\/?p=2327","title":{"rendered":"Polo Digital Gralha Azul promove rodada de neg\u00f3cios"},"content":{"rendered":"\n<p>Na manh\u00e3 desta quinta-feira, 20, t\u00e9cnicos, empres\u00e1rios, cooperativas de cr\u00e9dito e institui\u00e7\u00f5es que promovem a tecnologia digital, participaram de uma rodada de neg\u00f3cios onde puderam promover network, trocar experi\u00eancias e conhecer a o caso de sucesso de Londrina nesta \u00e1rea, apresentada pelo SENAI. O evento foi uma iniciativa do Polo Digital Gralha Azul.<\/p>\n\n\n\n<p>Os participantes conheceram a realidade do Hub de Inova\u00e7\u00e3o de Intelig\u00eancia Artificial, apresentado por Henry Cabral, gerente de Inova\u00e7\u00e3o e Tecnologia do SENAI PR. Henry tamb\u00e9m apresentou a realidade da regi\u00e3o noroeste e os trabalhos desenvolvidos pelo n\u00facleos tecnol\u00f3gicos de Londrina e Maring\u00e1. Afirmou que &#8220;o desenvolvimento de tecnologias n\u00e3o deve ser restrito a cidades, mas sim a ecossistemas de inova\u00e7\u00e3o, para os quais n\u00e3o existem fronteiras f\u00edsicas&#8221;.<\/p>\n\n\n\n<p><strong>Veja tamb\u00e9m<\/strong><\/p>\n\n\n\n<p><a href=\"https:\/\/interessatb.com.br\/?p=2290\">Ecossistema de Inova\u00e7\u00e3o \u00e9 debatido por lideran\u00e7as da regi\u00e3o, em workshop<\/a><\/p>\n\n\n\n<p><a href=\"https:\/\/interessatb.com.br\/?p=2312\">Aceleradora de Startups Cidade Inova promove evento de inova\u00e7\u00e3o e tecnologia em Tel\u00eamaco Borba<\/a><\/p>\n\n\n\n<p>Ap\u00f3s a palestra os participantes puderam se apresentar aos demais e em pequenos grupos, expor suas atividades, habilidades e produtos aos demais. Ao final deste momento houve outro mais descontra\u00eddo, com um coffee-break patrocinado pela EXI Sistemas, para que todos pudessem conversar livremente e estreitar o relacionamento comercial com todos os presentes.<\/p>\n\n\n\n<p>Para Jota Amaral, fundador da OdiNetwork Solu\u00e7\u00f5es Digitais &#8220;foi uma possibilidade de network incr\u00edvel&#8221;. J\u00e1 Dalva de Oliveira, que trabalha com treinamentos, pesquisa, consultoria e gest\u00e3o de projetos, &#8220;j\u00e1 estamos na expectativa para o pr\u00f3ximo encontro&#8221;.<\/p>\n\n\n\n<p>Suelyn Silva, vice-presidente de ci\u00eancia e tecnologia do PDGA e coordenadora de curso no IFPR Campus de Tel\u00eamaco Borba, a possibilidade de aproximar os projetos de acad\u00eamicos da institui\u00e7\u00e3o \u00e0 realidade do mundo empresarial \u00e9 uma oportunidade rica de integra\u00e7\u00e3o profissional, al\u00e9m da oportunidade de exposi\u00e7\u00e3o destes projetos.<\/p>\n\n\n\n<p>Para maiores informa\u00e7\u00f5es sobre as atividades do Polo Digital Gralha Azul, basta acessar o link <a href=\"http:\/\/polodigitalgralhaazul.com.br\/\">polodigitalgralhaazul.com.br<\/a>.<\/p>\n","protected":false},"excerpt":{"rendered":"<div class=\"mh-excerpt\"><p>Na manh\u00e3 desta quinta-feira, 20, t\u00e9cnicos, empres\u00e1rios, cooperativas de cr\u00e9dito e institui\u00e7\u00f5es que promovem a tecnologia digital, participaram de uma rodada de neg\u00f3cios onde puderam <a class=\"mh-excerpt-more\" href=\"https:\/\/interessatb.com.br\/?p=2327\" title=\"Polo Digital Gralha Azul promove rodada de neg\u00f3cios\">[&#8230;]<\/a><\/p>\n<\/div>","protected":false},"author":1,"featured_media":2335,"comment_status":"closed","ping_status":"closed","sticky":false,"template":"","format":"standard","meta":{"footnotes":""},"categories":[20,14],"tags":[],"class_list":["post-2327","post","type-post","status-publish","format-standard","has-post-thumbnail","hentry","category-industria-e-comercio","category-regiao"],"_links":{"self":[{"href":"https:\/\/interessatb.com.br\/index.php?rest_route=\/wp\/v2\/posts\/2327","targetHints":{"allow":["GET"]}}],"collection":[{"href":"https:\/\/interessatb.com.br\/index.php?rest_route=\/wp\/v2\/posts"}],"about":[{"href":"https:\/\/interessatb.com.br\/index.php?rest_route=\/wp\/v2\/types\/post"}],"author":[{"embeddable":true,"href":"https:\/\/interessatb.com.br\/index.php?rest_route=\/wp\/v2\/users\/1"}],"replies":[{"embeddable":true,"href":"https:\/\/interessatb.com.br\/index.php?rest_route=%2Fwp%2Fv2%2Fcomments&post=2327"}],"version-history":[{"count":1,"href":"https:\/\/interessatb.com.br\/index.php?rest_route=\/wp\/v2\/posts\/2327\/revisions"}],"predecessor-version":[{"id":2336,"href":"https:\/\/interessatb.com.br\/index.php?rest_route=\/wp\/v2\/posts\/2327\/revisions\/2336"}],"wp:featuredmedia":[{"embeddable":true,"href":"https:\/\/interessatb.com.br\/index.php?rest_route=\/wp\/v2\/media\/2335"}],"wp:attachment":[{"href":"https:\/\/interessatb.com.br\/index.php?rest_route=%2Fwp%2Fv2%2Fmedia&parent=2327"}],"wp:term":[{"taxonomy":"category","embeddable":true,"href":"https:\/\/interessatb.com.br\/index.php?rest_route=%2Fwp%2Fv2%2Fcategories&post=2327"},{"taxonomy":"post_tag","embeddable":true,"href":"https:\/\/interessatb.com.br\/index.php?rest_route=%2Fwp%2Fv2%2Ftags&post=2327"}],"curies":[{"name":"wp","href":"https:\/\/api.w.org\/{rel}","templated":true}]}}