{"id":2339,"date":"2023-04-29T07:51:21","date_gmt":"2023-04-29T10:51:21","guid":{"rendered":"https:\/\/interessatb.com.br\/?p=2339"},"modified":"2023-05-03T09:12:08","modified_gmt":"2023-05-03T12:12:08","slug":"por-falta-de-participacao-da-sociedade-civil-conferencia-extraordinaria-municipal-e-adiada-para-dia-4-de-maio","status":"publish","type":"post","link":"https:\/\/interessatb.com.br\/?p=2339","title":{"rendered":"Por falta de participa\u00e7\u00e3o da sociedade civil, Confer\u00eancia Extraordin\u00e1ria Municipal \u00e9 adiada para dia 4 de maio"},"content":{"rendered":"\n<p>Na data prevista de 28 de abril n\u00e3o houve qu\u00f3rum m\u00ednimo suficiente dos representantes da sociedade civil, e para respeitar o princ\u00edpio democr\u00e1tico da Confer\u00eancia, foi necess\u00e1rio remarcar o evento. A participa\u00e7\u00e3o na Confer\u00eancia Extraordin\u00e1ria Municipal da Cidade de Tel\u00eamaco Borba \u00e9 distribu\u00edda em tr\u00eas categorias: representantes dos segmentos representativos da sociedade local, observadores e convidados.<\/p>\n\n\n\n<p>A Confer\u00eancia Extraordin\u00e1ria Municipal tem o objetivo de avaliar o Plano Diretor Municipal e realizar a elei\u00e7\u00e3o de novos conselheiros titulares e suplentes para novo mandato. A atribui\u00e7\u00e3o destes conselheiros \u00e9 atuar como representantes da sociedade civil organizada, participar dos assuntos relacionados \u00e0s pol\u00edticas de desenvolvimento urbano do munic\u00edpio e de apresentar ou avaliar propostas sobre os desafios do crescimento urbano.<\/p>\n\n\n\n<p><strong>Veja tamb\u00e9m<\/strong><\/p>\n\n\n\n<p><a href=\"https:\/\/interessatb.com.br\/?p=2327\">Polo Digital Gralha Azul promove rodada de neg\u00f3cios<\/a><\/p>\n\n\n\n<p><a href=\"https:\/\/interessatb.com.br\/?p=2312\">Aceleradora de Startups Cidade Inova promove evento de inova\u00e7\u00e3o e tecnologia em Tel\u00eamaco Borba<\/a><\/p>\n\n\n\n<p>A data da Confer\u00eancia foi remarcada para a pr\u00f3xima sexta-feira dia 4 de maio, a partir das 13h30, no audit\u00f3rio Professora Carmem Iolanda Dal\u00e9cio. O local fica nas depend\u00eancias da Secretaria Municipal de Educa\u00e7\u00e3o de Tel\u00eamaco Borba, Alameda Washington Luis n\u00famero 50, pr\u00f3ximo ao terminal rodovi\u00e1rio.<\/p>\n\n\n\n<p>O tema deste ano para a Confer\u00eancia Extraordin\u00e1ria Municipal da Cidade \u00e9 &#8220;O Papel do Conselho Municipal da Cidade \u2013 CONCIDADE&#8221; e se concentrar\u00e1 nos eixos tem\u00e1ticos <em>O Plano Diretor como instrumento de desenvolvimento municipal<\/em> e <em>O Papel do Conselho da Cidade<\/em>.<\/p>\n\n\n\n<p>\u00c9 poss\u00edvel fazer as inscri\u00e7\u00f5es para a Confer\u00eancia pelo endere\u00e7o eletr\u00f4nico <strong>gabinete.sgg.docs@gmail.com<\/strong> at\u00e9 \u00e0s 13h00 do dia 4 de maio, ou presencialmente no dia da Confer\u00eancia. A estimativa \u00e9 de que o evento dure at\u00e9 \u00e0s 16h00.<\/p>\n\n\n\n<p>Para mais detalhes \u00e9 poss\u00edvel consultar dos decretos municipais <a href=\"http:\/\/www.telemacoborba.pr.gov.br\/informacoes\/boletim-oficial\/18155-edicao-2132.html\">29.287 e 29.288<\/a> (13\/04\/2023) e <a href=\"http:\/\/www.telemacoborba.pr.gov.br\/informacoes\/boletim-oficial\/18261-edicao-2139.html\">29.248<\/a> (26\/04\/2023).<\/p>\n","protected":false},"excerpt":{"rendered":"<div class=\"mh-excerpt\"><p>Na data prevista de 28 de abril n\u00e3o houve qu\u00f3rum m\u00ednimo suficiente dos representantes da sociedade civil, e para respeitar o princ\u00edpio democr\u00e1tico da Confer\u00eancia, <a class=\"mh-excerpt-more\" href=\"https:\/\/interessatb.com.br\/?p=2339\" title=\"Por falta de participa\u00e7\u00e3o da sociedade civil, Confer\u00eancia Extraordin\u00e1ria Municipal \u00e9 adiada para dia 4 de maio\">[&#8230;]<\/a><\/p>\n<\/div>","protected":false},"author":1,"featured_media":2344,"comment_status":"closed","ping_status":"closed","sticky":false,"template":"","format":"standard","meta":{"footnotes":""},"categories":[2],"tags":[],"class_list":["post-2339","post","type-post","status-publish","format-standard","has-post-thumbnail","hentry","category-cidade"],"_links":{"self":[{"href":"https:\/\/interessatb.com.br\/index.php?rest_route=\/wp\/v2\/posts\/2339","targetHints":{"allow":["GET"]}}],"collection":[{"href":"https:\/\/interessatb.com.br\/index.php?rest_route=\/wp\/v2\/posts"}],"about":[{"href":"https:\/\/interessatb.com.br\/index.php?rest_route=\/wp\/v2\/types\/post"}],"author":[{"embeddable":true,"href":"https:\/\/interessatb.com.br\/index.php?rest_route=\/wp\/v2\/users\/1"}],"replies":[{"embeddable":true,"href":"https:\/\/interessatb.com.br\/index.php?rest_route=%2Fwp%2Fv2%2Fcomments&post=2339"}],"version-history":[{"count":6,"href":"https:\/\/interessatb.com.br\/index.php?rest_route=\/wp\/v2\/posts\/2339\/revisions"}],"predecessor-version":[{"id":2350,"href":"https:\/\/interessatb.com.br\/index.php?rest_route=\/wp\/v2\/posts\/2339\/revisions\/2350"}],"wp:featuredmedia":[{"embeddable":true,"href":"https:\/\/interessatb.com.br\/index.php?rest_route=\/wp\/v2\/media\/2344"}],"wp:attachment":[{"href":"https:\/\/interessatb.com.br\/index.php?rest_route=%2Fwp%2Fv2%2Fmedia&parent=2339"}],"wp:term":[{"taxonomy":"category","embeddable":true,"href":"https:\/\/interessatb.com.br\/index.php?rest_route=%2Fwp%2Fv2%2Fcategories&post=2339"},{"taxonomy":"post_tag","embeddable":true,"href":"https:\/\/interessatb.com.br\/index.php?rest_route=%2Fwp%2Fv2%2Ftags&post=2339"}],"curies":[{"name":"wp","href":"https:\/\/api.w.org\/{rel}","templated":true}]}}