{"id":2358,"date":"2023-04-29T07:50:32","date_gmt":"2023-04-29T10:50:32","guid":{"rendered":"https:\/\/interessatb.com.br\/?p=2358"},"modified":"2023-04-29T07:50:32","modified_gmt":"2023-04-29T10:50:32","slug":"tibagi-prorroga-inscricoes-para-processo-seletivo-para-conselheiros-tutelares","status":"publish","type":"post","link":"https:\/\/interessatb.com.br\/?p=2358","title":{"rendered":"Tibagi prorroga inscri\u00e7\u00f5es para processo seletivo para Conselheiros Tutelares"},"content":{"rendered":"\n<p>A Prefeitura de Tibagi, atrav\u00e9s do Conselho Municipal dos Direitos da Crian\u00e7a e do Adolescente (CMDCA), informa que as inscri\u00e7\u00f5es do processo seletivo para a escolha dos novos membros do Conselho Tutelar para o quadri\u00eanio 2024-2027 foram prorrogadas at\u00e9 o dia 05 de maio (pr\u00f3xima sexta-feira) \u00e0s 11h.<\/p>\n\n\n\n<p>Em Tibagi, ser\u00e3o cinco conselheiros tutelares eleitos atrav\u00e9s de sufr\u00e1gio universal. O Conselho Tutelar \u00e9 o \u00f3rg\u00e3o permanente e aut\u00f4nomo, n\u00e3o jurisdicional, encarregado pela sociedade de zelar pelo cumprimento dos direitos da crian\u00e7a e do adolescente.\u00a0<\/p>\n\n\n\n<p>O processo seletivo \u00e9 composto de quatro etapas: inscri\u00e7\u00e3o dos candidatos, teste de conhecimentos espec\u00edficos, divulga\u00e7\u00e3o das candidaturas aptas e pleito eleitoral. As inscri\u00e7\u00f5es devem ser feitas de maneira presencial no Centro Municipal de Atendimento Especializado (CMAEE), que fica na Rua Machadinho n\u00ba 323 \u2013 centro.<\/p>\n\n\n\n<p>Um dos principais requisitos, entre outros listados na Resolu\u00e7\u00e3o n\u00ba 04\/2023 do CMDCA, \u00e9 a de possuir experi\u00eancia comprovada na \u00e1rea da crian\u00e7a e do adolescente. O teste de conhecimentos ser\u00e1 aplicado no dia 25 de junho de 2023.<\/p>\n\n\n\n<p><strong>Inscri\u00e7\u00f5es do Processo seletivo<\/strong><br>As inscri\u00e7\u00f5es encerram-se em 05 de maio \u00e0s 11h00 e podem ser realizadas no Centro Municipal de Atendimento Especializado (CMAEE), que fica na Rua Machadinho n\u00ba 323 \u2013 centro, de segunda \u00e0 sexta-feira, das 09h \u00e0s 12h e das 13h \u00e0s 16h.<\/p>\n\n\n\n<p>Fonte: <em>Divulga\u00e7\u00e3o PMT<\/em>.<\/p>\n","protected":false},"excerpt":{"rendered":"<div class=\"mh-excerpt\"><p>A Prefeitura de Tibagi, atrav\u00e9s do Conselho Municipal dos Direitos da Crian\u00e7a e do Adolescente (CMDCA), informa que as inscri\u00e7\u00f5es do processo seletivo para a <a class=\"mh-excerpt-more\" href=\"https:\/\/interessatb.com.br\/?p=2358\" title=\"Tibagi prorroga inscri\u00e7\u00f5es para processo seletivo para Conselheiros Tutelares\">[&#8230;]<\/a><\/p>\n<\/div>","protected":false},"author":1,"featured_media":2359,"comment_status":"closed","ping_status":"closed","sticky":false,"template":"","format":"standard","meta":{"footnotes":""},"categories":[14],"tags":[],"class_list":["post-2358","post","type-post","status-publish","format-standard","has-post-thumbnail","hentry","category-regiao"],"_links":{"self":[{"href":"https:\/\/interessatb.com.br\/index.php?rest_route=\/wp\/v2\/posts\/2358","targetHints":{"allow":["GET"]}}],"collection":[{"href":"https:\/\/interessatb.com.br\/index.php?rest_route=\/wp\/v2\/posts"}],"about":[{"href":"https:\/\/interessatb.com.br\/index.php?rest_route=\/wp\/v2\/types\/post"}],"author":[{"embeddable":true,"href":"https:\/\/interessatb.com.br\/index.php?rest_route=\/wp\/v2\/users\/1"}],"replies":[{"embeddable":true,"href":"https:\/\/interessatb.com.br\/index.php?rest_route=%2Fwp%2Fv2%2Fcomments&post=2358"}],"version-history":[{"count":1,"href":"https:\/\/interessatb.com.br\/index.php?rest_route=\/wp\/v2\/posts\/2358\/revisions"}],"predecessor-version":[{"id":2360,"href":"https:\/\/interessatb.com.br\/index.php?rest_route=\/wp\/v2\/posts\/2358\/revisions\/2360"}],"wp:featuredmedia":[{"embeddable":true,"href":"https:\/\/interessatb.com.br\/index.php?rest_route=\/wp\/v2\/media\/2359"}],"wp:attachment":[{"href":"https:\/\/interessatb.com.br\/index.php?rest_route=%2Fwp%2Fv2%2Fmedia&parent=2358"}],"wp:term":[{"taxonomy":"category","embeddable":true,"href":"https:\/\/interessatb.com.br\/index.php?rest_route=%2Fwp%2Fv2%2Fcategories&post=2358"},{"taxonomy":"post_tag","embeddable":true,"href":"https:\/\/interessatb.com.br\/index.php?rest_route=%2Fwp%2Fv2%2Ftags&post=2358"}],"curies":[{"name":"wp","href":"https:\/\/api.w.org\/{rel}","templated":true}]}}