{"id":2369,"date":"2023-05-03T09:09:47","date_gmt":"2023-05-03T12:09:47","guid":{"rendered":"https:\/\/interessatb.com.br\/?p=2369"},"modified":"2023-05-03T09:10:13","modified_gmt":"2023-05-03T12:10:13","slug":"11a-corrida-rustica-do-trabalhador-em-jaguariaiva-comemora-o-dia-do-trabalhador","status":"publish","type":"post","link":"https:\/\/interessatb.com.br\/?p=2369","title":{"rendered":"Corrida R\u00fastica do Trabalhador em Jaguaria\u00edva comemora o Dia do Trabalhador"},"content":{"rendered":"\n<p>Promovida pela Administra\u00e7\u00e3o Municipal, a comemora\u00e7\u00e3o do Dia do Trabalhador em Jaguaria\u00edva come\u00e7ou \u00e0s 7h nesta segunda, 1\u00ba, com a largada da 11\u00aa Corrida R\u00fastica do Trabalhador na Pra\u00e7a Get\u00falio Vargas, reunindo quase 400 atletas de Jaguaria\u00edva e outras cidades, em percursos de 5 e 10 quil\u00f4metros pela \u00e1rea central, para diferentes categorias. <\/p>\n\n\n\n<p>De inscri\u00e7\u00e3o gratuita, a corrida e a caminhada integraram atletas iniciantes e os mais experientes, de forma individual ou em equipe. Merece destaque a a\u00e7\u00e3o inclusiva do grupo Use Minhas Pernas, que proporcionou a cadeirantes a oportunidade de participar da corrida nos triciclos adaptados, sendo levados de forma revezada por volunt\u00e1rios.<\/p>\n\n\n\n<p><strong>Veja tamb\u00e9m<\/strong><\/p>\n\n\n\n<p><a href=\"https:\/\/interessatb.com.br\/?p=2309\">Munic\u00edpio de Tibagi lan\u00e7a edital no programa Diamante da Casa, com bolsas para atletas locais<\/a><\/p>\n\n\n\n<p><a href=\"https:\/\/interessatb.com.br\/?p=2247\">Centro de Gin\u00e1stica abre inscri\u00e7\u00f5es para o Processo Seletivo 2023, em TB<\/a><\/p>\n\n\n\n<p>Todos da corrida receberam kit com camiseta, n\u00famero e chip descart\u00e1vel para cronometragem. Os tr\u00eas primeiros colocados de cada categoria receberam trof\u00e9u e pr\u00eamio em dinheiro, que foi de R$50 a R$800 reais, e os demais que conclu\u00edram a prova levaram medalhas. Os resultados da competi\u00e7\u00e3o est\u00e3o <a href=\"https:\/\/www.chiptiming.com.br\/resultados\/11corridadotrabalhador\">dispon\u00edveis aqui.<\/a> <\/p>\n\n\n\n<p>Fonte: <em>Comunica\u00e7\u00e3o da PMJ.<\/em><\/p>\n","protected":false},"excerpt":{"rendered":"<div class=\"mh-excerpt\"><p>Promovida pela Administra\u00e7\u00e3o Municipal, a comemora\u00e7\u00e3o do Dia do Trabalhador em Jaguaria\u00edva come\u00e7ou \u00e0s 7h nesta segunda, 1\u00ba, com a largada da 11\u00aa Corrida R\u00fastica <a class=\"mh-excerpt-more\" href=\"https:\/\/interessatb.com.br\/?p=2369\" title=\"Corrida R\u00fastica do Trabalhador em Jaguaria\u00edva comemora o Dia do Trabalhador\">[&#8230;]<\/a><\/p>\n<\/div>","protected":false},"author":1,"featured_media":2370,"comment_status":"closed","ping_status":"closed","sticky":false,"template":"","format":"standard","meta":{"footnotes":""},"categories":[7,14],"tags":[],"class_list":["post-2369","post","type-post","status-publish","format-standard","has-post-thumbnail","hentry","category-esporte","category-regiao"],"_links":{"self":[{"href":"https:\/\/interessatb.com.br\/index.php?rest_route=\/wp\/v2\/posts\/2369","targetHints":{"allow":["GET"]}}],"collection":[{"href":"https:\/\/interessatb.com.br\/index.php?rest_route=\/wp\/v2\/posts"}],"about":[{"href":"https:\/\/interessatb.com.br\/index.php?rest_route=\/wp\/v2\/types\/post"}],"author":[{"embeddable":true,"href":"https:\/\/interessatb.com.br\/index.php?rest_route=\/wp\/v2\/users\/1"}],"replies":[{"embeddable":true,"href":"https:\/\/interessatb.com.br\/index.php?rest_route=%2Fwp%2Fv2%2Fcomments&post=2369"}],"version-history":[{"count":2,"href":"https:\/\/interessatb.com.br\/index.php?rest_route=\/wp\/v2\/posts\/2369\/revisions"}],"predecessor-version":[{"id":2372,"href":"https:\/\/interessatb.com.br\/index.php?rest_route=\/wp\/v2\/posts\/2369\/revisions\/2372"}],"wp:featuredmedia":[{"embeddable":true,"href":"https:\/\/interessatb.com.br\/index.php?rest_route=\/wp\/v2\/media\/2370"}],"wp:attachment":[{"href":"https:\/\/interessatb.com.br\/index.php?rest_route=%2Fwp%2Fv2%2Fmedia&parent=2369"}],"wp:term":[{"taxonomy":"category","embeddable":true,"href":"https:\/\/interessatb.com.br\/index.php?rest_route=%2Fwp%2Fv2%2Fcategories&post=2369"},{"taxonomy":"post_tag","embeddable":true,"href":"https:\/\/interessatb.com.br\/index.php?rest_route=%2Fwp%2Fv2%2Ftags&post=2369"}],"curies":[{"name":"wp","href":"https:\/\/api.w.org\/{rel}","templated":true}]}}