{"id":237,"date":"2021-08-14T08:44:15","date_gmt":"2021-08-14T11:44:15","guid":{"rendered":"https:\/\/interessatb.com.br\/?p=237"},"modified":"2022-08-21T11:09:09","modified_gmt":"2022-08-21T14:09:09","slug":"o-telemacoborbense-eric-tobera-participara-da-natacao-paralimpica-representando-o-brasil","status":"publish","type":"post","link":"https:\/\/interessatb.com.br\/?p=237","title":{"rendered":"O telemacoborbense Eric Tobera participar\u00e1 da nata\u00e7\u00e3o paral\u00edmpica representando o Brasil"},"content":{"rendered":"\n<p>Eric de Oliveira Tobera, 28 anos, conquistou no dia 4 de junho deste ano \u00edndice junto ao <a href=\"https:\/\/www.cpb.org.br\/noticia\/detalhe\/3346\/vinte-e-nove-nadadores-conquistam-indice-para-os-jogos-de-toquio-em-seletiva-paralimpica\">Comit\u00ea Paral\u00edmpico Brasileiro<\/a> para compor a equipe que ir\u00e1 representar o Brasil nos Jogos Paral\u00edmpicos de T\u00f3quio, que come\u00e7am em 10 dias. Eric \u00e9 de Tel\u00eamaco Borba e atualmente reside em Curitiba onde tem melhores condi\u00e7\u00f5es de treinamento.<\/p>\n\n\n<div class=\"wp-block-image\">\n<figure class=\"alignleft size-full\"><img loading=\"lazy\" decoding=\"async\" width=\"300\" height=\"250\" src=\"http:\/\/interessatb.com.br\/wp-content\/uploads\/2022\/03\/baixa_resolucao_castelo.png\" alt=\"\" class=\"wp-image-987\"\/><\/figure>\n<\/div>\n\n\n<p>Tobera conquistou o \u00edndice para participar da prova mais r\u00e1pida da nata\u00e7\u00e3o, os 50 metros livre &#8211; classifica\u00e7\u00e3o de les\u00e3o S4 (atletas com les\u00e3o medular completa abaixo da v\u00e9rtebra C8, ou les\u00e3o medular incompleta abaixo da C7, ou p\u00f3lio comparado, ou amputa\u00e7\u00e3o de tr\u00eas membros). J\u00e1 foi o 5\u00ba colocado nesta prova no Parapan de Lima (Peru) em 2019.<\/p>\n\n\n\n<p>Veja tamb\u00e9m<\/p>\n\n\n\n<p><a href=\"https:\/\/interessatb.com.br\/2021\/08\/08\/brasil-tem-melhor-campanha-olimpica-de-todos-os-tempos-e-conquista-12o-lugar-no-quadro-de-medalhas\/\">Brasil tem melhor campanha ol\u00edmpica de todos os tempos e conquista 12\u00ba lugar no quadro de medalhas<\/a><\/p>\n\n\n\n<p><a href=\"https:\/\/interessatb.com.br\/2021\/07\/29\/museu-de-tibagi-homenageia-o-futebol-da-cidade-com-exposicao\/\">Museu de Tibagi homenageia o futebol da cidade com exposi\u00e7\u00e3o<\/a><\/p>\n\n\n\n<p><a href=\"https:\/\/interessatb.com.br\/2021\/08\/09\/moradora-de-telemaco-borba-ganha-1-milhao-de-reais-no-sorteio-do-nota-pr\/\">Moradora de Tel\u00eamaco Borba ganha 1 milh\u00e3o de reais no sorteio do Nota PR<\/a><\/p>\n\n\n<div class=\"wp-block-image\">\n<figure class=\"alignleft size-full is-resized\"><img loading=\"lazy\" decoding=\"async\" src=\"http:\/\/interessatb.com.br\/wp-content\/uploads\/2021\/08\/Eric-Tobera.jpg\" alt=\"\" class=\"wp-image-1250\" width=\"408\" height=\"388\"\/><figcaption>Eric Tobera conquista \u00edndice para T\u00f3quio<\/figcaption><\/figure>\n<\/div>\n\n\n<p>Seu treinamento foi dificultado pelas restri\u00e7\u00f5es impostas pelo combate \u00e0 pandemia da COVID-19, e teve que ser completado na ch\u00e1cara de seu treinador Rui Menslin. A partir de ent\u00e3o S\u00e3o Bento do Sul, em Santa Catarina, virou seu local de treinamento. Eric declarou em sua rede social &#8220;Se olhar para o alvo j\u00e1 nos d\u00e1 prazer, imagine quando atingirmos as metas sem ter perdido o foco do mesmo&#8221;. <\/p>\n\n\n\n<p>Tel\u00eamaco Borba fica na torcida por seu desempenho, mas a conquista do \u00edndice j\u00e1 merece a gratid\u00e3o por levar o nome da cidade e do pa\u00eds at\u00e9 o outro lado do mundo.<\/p>\n","protected":false},"excerpt":{"rendered":"<div class=\"mh-excerpt\"><p>Eric de Oliveira Tobera, 28 anos, conquistou no dia 4 de junho deste ano \u00edndice junto ao Comit\u00ea Paral\u00edmpico Brasileiro para compor a equipe que <a class=\"mh-excerpt-more\" href=\"https:\/\/interessatb.com.br\/?p=237\" title=\"O telemacoborbense Eric Tobera participar\u00e1 da nata\u00e7\u00e3o paral\u00edmpica representando o Brasil\">[&#8230;]<\/a><\/p>\n<\/div>","protected":false},"author":1,"featured_media":1249,"comment_status":"closed","ping_status":"closed","sticky":false,"template":"","format":"standard","meta":{"footnotes":""},"categories":[16,2,7],"tags":[],"class_list":["post-237","post","type-post","status-publish","format-standard","has-post-thumbnail","hentry","category-brasil","category-cidade","category-esporte"],"_links":{"self":[{"href":"https:\/\/interessatb.com.br\/index.php?rest_route=\/wp\/v2\/posts\/237","targetHints":{"allow":["GET"]}}],"collection":[{"href":"https:\/\/interessatb.com.br\/index.php?rest_route=\/wp\/v2\/posts"}],"about":[{"href":"https:\/\/interessatb.com.br\/index.php?rest_route=\/wp\/v2\/types\/post"}],"author":[{"embeddable":true,"href":"https:\/\/interessatb.com.br\/index.php?rest_route=\/wp\/v2\/users\/1"}],"replies":[{"embeddable":true,"href":"https:\/\/interessatb.com.br\/index.php?rest_route=%2Fwp%2Fv2%2Fcomments&post=237"}],"version-history":[{"count":3,"href":"https:\/\/interessatb.com.br\/index.php?rest_route=\/wp\/v2\/posts\/237\/revisions"}],"predecessor-version":[{"id":1253,"href":"https:\/\/interessatb.com.br\/index.php?rest_route=\/wp\/v2\/posts\/237\/revisions\/1253"}],"wp:featuredmedia":[{"embeddable":true,"href":"https:\/\/interessatb.com.br\/index.php?rest_route=\/wp\/v2\/media\/1249"}],"wp:attachment":[{"href":"https:\/\/interessatb.com.br\/index.php?rest_route=%2Fwp%2Fv2%2Fmedia&parent=237"}],"wp:term":[{"taxonomy":"category","embeddable":true,"href":"https:\/\/interessatb.com.br\/index.php?rest_route=%2Fwp%2Fv2%2Fcategories&post=237"},{"taxonomy":"post_tag","embeddable":true,"href":"https:\/\/interessatb.com.br\/index.php?rest_route=%2Fwp%2Fv2%2Ftags&post=237"}],"curies":[{"name":"wp","href":"https:\/\/api.w.org\/{rel}","templated":true}]}}