{"id":2373,"date":"2023-05-03T09:21:30","date_gmt":"2023-05-03T12:21:30","guid":{"rendered":"https:\/\/interessatb.com.br\/?p=2373"},"modified":"2023-05-03T09:21:30","modified_gmt":"2023-05-03T12:21:30","slug":"sancionada-a-lei-que-vai-colocar-agentes-nas-instituicoes-escolares-de-reserva","status":"publish","type":"post","link":"https:\/\/interessatb.com.br\/?p=2373","title":{"rendered":"Sancionada a lei que vai colocar agentes nas institui\u00e7\u00f5es escolares de Reserva"},"content":{"rendered":"\n<p>Foi sancionada nesta sexta feira (28) a<strong>\u00a0<a href=\"https:\/\/www.reserva.pr.gov.br\/legislacaoView\/?id=16029\">Lei 1369\/2023<\/a><\/strong>, assinada pelo prefeito Lucas Machado, que cria o cargo de Agente de Seguran\u00e7a Escolar nas institui\u00e7\u00f5es de ensino mantidas pela Secretaria de Educa\u00e7\u00e3o, proposta contida no pacote de medidas divulgado na semana passada. A contrata\u00e7\u00e3o ser\u00e1 via Processo Seletivo Simplificado (PSS) que est\u00e1 sendo organizado.<\/p>\n\n\n\n<p>O Projeto de Lei do Executivo foi costurado depois de v\u00e1rias reuni\u00f5es entre vereadores e for\u00e7as de seguran\u00e7a, e encaminhado em regime urg\u00eancia \u00e0 C\u00e2mara Municipal na primeira quinzena deste m\u00eas e aprovado em duas sess\u00f5es, sendo uma extraordin\u00e1ria no \u00faltimo dia (18).<\/p>\n\n\n\n<p>O protocolo promovido em parceria com a Pol\u00edcia Civil do Paran\u00e1 (PCPR) em execu\u00e7\u00e3o a parte final com os funcion\u00e1rios e na sequ\u00eancia com os alunos, a Patrulha Escolar est\u00e1 atuando com o apoio da Seguran\u00e7a Patrimonial nas escolas, col\u00e9gios e creches na cidade e interior.<\/p>\n\n\n\n<p>\u2018\u2019Desde o \u00faltimo dia 12 de abril, a Pol\u00edcia Militar, em conjunto com a Prefeitura Municipal de Reserva, tem trabalhado diariamente para atender \u00e0s escolas e col\u00e9gios na circunscri\u00e7\u00e3o do munic\u00edpio, buscando patrulhar e orientar os alunos, professores e familiares a respeito dos acontecimentos recentes.\u2019\u2019, diz trecho em nota da 3\u00aa Companhia, do 26\u00ba Batalh\u00e3o de Pol\u00edcia Militar, comandado atualmente pelo tenente Eduardo de Jesus Romblesperger Diniz.<\/p>\n\n\n\n<p>Fonte: <em>Assessoria de Comunica\u00e7\u00e3o da Prefeitura Municipal de Reserva<\/em><\/p>\n","protected":false},"excerpt":{"rendered":"<div class=\"mh-excerpt\"><p>Foi sancionada nesta sexta feira (28) a\u00a0Lei 1369\/2023, assinada pelo prefeito Lucas Machado, que cria o cargo de Agente de Seguran\u00e7a Escolar nas institui\u00e7\u00f5es de <a class=\"mh-excerpt-more\" href=\"https:\/\/interessatb.com.br\/?p=2373\" title=\"Sancionada a lei que vai colocar agentes nas institui\u00e7\u00f5es escolares de Reserva\">[&#8230;]<\/a><\/p>\n<\/div>","protected":false},"author":1,"featured_media":2374,"comment_status":"closed","ping_status":"closed","sticky":false,"template":"","format":"standard","meta":{"footnotes":""},"categories":[5,14],"tags":[],"class_list":["post-2373","post","type-post","status-publish","format-standard","has-post-thumbnail","hentry","category-educacao","category-regiao"],"_links":{"self":[{"href":"https:\/\/interessatb.com.br\/index.php?rest_route=\/wp\/v2\/posts\/2373","targetHints":{"allow":["GET"]}}],"collection":[{"href":"https:\/\/interessatb.com.br\/index.php?rest_route=\/wp\/v2\/posts"}],"about":[{"href":"https:\/\/interessatb.com.br\/index.php?rest_route=\/wp\/v2\/types\/post"}],"author":[{"embeddable":true,"href":"https:\/\/interessatb.com.br\/index.php?rest_route=\/wp\/v2\/users\/1"}],"replies":[{"embeddable":true,"href":"https:\/\/interessatb.com.br\/index.php?rest_route=%2Fwp%2Fv2%2Fcomments&post=2373"}],"version-history":[{"count":1,"href":"https:\/\/interessatb.com.br\/index.php?rest_route=\/wp\/v2\/posts\/2373\/revisions"}],"predecessor-version":[{"id":2375,"href":"https:\/\/interessatb.com.br\/index.php?rest_route=\/wp\/v2\/posts\/2373\/revisions\/2375"}],"wp:featuredmedia":[{"embeddable":true,"href":"https:\/\/interessatb.com.br\/index.php?rest_route=\/wp\/v2\/media\/2374"}],"wp:attachment":[{"href":"https:\/\/interessatb.com.br\/index.php?rest_route=%2Fwp%2Fv2%2Fmedia&parent=2373"}],"wp:term":[{"taxonomy":"category","embeddable":true,"href":"https:\/\/interessatb.com.br\/index.php?rest_route=%2Fwp%2Fv2%2Fcategories&post=2373"},{"taxonomy":"post_tag","embeddable":true,"href":"https:\/\/interessatb.com.br\/index.php?rest_route=%2Fwp%2Fv2%2Ftags&post=2373"}],"curies":[{"name":"wp","href":"https:\/\/api.w.org\/{rel}","templated":true}]}}