{"id":2393,"date":"2023-05-09T23:26:15","date_gmt":"2023-05-10T02:26:15","guid":{"rendered":"https:\/\/interessatb.com.br\/?p=2393"},"modified":"2023-06-22T08:47:48","modified_gmt":"2023-06-22T11:47:48","slug":"com-o-tema-o-papel-do-conselho-municipal-da-cidade-conferencia-elege-novos-conselheiros","status":"publish","type":"post","link":"https:\/\/interessatb.com.br\/?p=2393","title":{"rendered":"Com o tema &#8220;O Papel do Conselho Municipal da Cidade&#8221; Confer\u00eancia elege novos conselheiros"},"content":{"rendered":"\n<p>Com mandato para os pr\u00f3ximos 2 anos, foram eleitos os novos membros do Conselho Municipal da Cidade de Tel\u00eamaco Borba. A Confer\u00eancia Extraordin\u00e1ria Municipal da Cidade deste ano aconteceu no dia 4 de maio no per\u00edodo da trade, no Audit\u00f3rio Carmem Yolanda Dal\u00e9cio, com ampla participa\u00e7\u00e3o de representantes da sociedade civil.<\/p>\n\n\n\n<p>&nbsp;A atribui\u00e7\u00e3o destes conselheiros \u00e9 atuar como representantes da sociedade civil organizada, participar dos assuntos relacionados \u00e0s pol\u00edticas de desenvolvimento urbano do munic\u00edpio e de apresentar ou avaliar propostas sobre os desafios do crescimento urbano.<\/p>\n\n\n\n<p>Na data prevista de 28 de abril n\u00e3o houve qu\u00f3rum m\u00ednimo suficiente dos representantes da sociedade civil, que nesta quarta-feira compareceram em grande n\u00famero. As vagas do conselho foram preenchidas, compondo chapa \u00fanica, eleita por aclama\u00e7\u00e3o.<\/p>\n\n\n\n<p>A lista completa das entidades integrantes do Conselho Municipal da cidade ser\u00e1 divulgada t\u00e3o logo seja publicada no Boletim Oficial do Munic\u00edpio. Participaram da mesa de abertura autoridades do Executivo Municipal e Legislativo Municipal.<\/p>\n","protected":false},"excerpt":{"rendered":"<div class=\"mh-excerpt\"><p>Com mandato para os pr\u00f3ximos 2 anos, foram eleitos os novos membros do Conselho Municipal da Cidade de Tel\u00eamaco Borba. A Confer\u00eancia Extraordin\u00e1ria Municipal da <a class=\"mh-excerpt-more\" href=\"https:\/\/interessatb.com.br\/?p=2393\" title=\"Com o tema &#8220;O Papel do Conselho Municipal da Cidade&#8221; Confer\u00eancia elege novos conselheiros\">[&#8230;]<\/a><\/p>\n<\/div>","protected":false},"author":1,"featured_media":2394,"comment_status":"closed","ping_status":"closed","sticky":false,"template":"","format":"standard","meta":{"footnotes":""},"categories":[2],"tags":[],"class_list":["post-2393","post","type-post","status-publish","format-standard","has-post-thumbnail","hentry","category-cidade"],"_links":{"self":[{"href":"https:\/\/interessatb.com.br\/index.php?rest_route=\/wp\/v2\/posts\/2393","targetHints":{"allow":["GET"]}}],"collection":[{"href":"https:\/\/interessatb.com.br\/index.php?rest_route=\/wp\/v2\/posts"}],"about":[{"href":"https:\/\/interessatb.com.br\/index.php?rest_route=\/wp\/v2\/types\/post"}],"author":[{"embeddable":true,"href":"https:\/\/interessatb.com.br\/index.php?rest_route=\/wp\/v2\/users\/1"}],"replies":[{"embeddable":true,"href":"https:\/\/interessatb.com.br\/index.php?rest_route=%2Fwp%2Fv2%2Fcomments&post=2393"}],"version-history":[{"count":4,"href":"https:\/\/interessatb.com.br\/index.php?rest_route=\/wp\/v2\/posts\/2393\/revisions"}],"predecessor-version":[{"id":2452,"href":"https:\/\/interessatb.com.br\/index.php?rest_route=\/wp\/v2\/posts\/2393\/revisions\/2452"}],"wp:featuredmedia":[{"embeddable":true,"href":"https:\/\/interessatb.com.br\/index.php?rest_route=\/wp\/v2\/media\/2394"}],"wp:attachment":[{"href":"https:\/\/interessatb.com.br\/index.php?rest_route=%2Fwp%2Fv2%2Fmedia&parent=2393"}],"wp:term":[{"taxonomy":"category","embeddable":true,"href":"https:\/\/interessatb.com.br\/index.php?rest_route=%2Fwp%2Fv2%2Fcategories&post=2393"},{"taxonomy":"post_tag","embeddable":true,"href":"https:\/\/interessatb.com.br\/index.php?rest_route=%2Fwp%2Fv2%2Ftags&post=2393"}],"curies":[{"name":"wp","href":"https:\/\/api.w.org\/{rel}","templated":true}]}}