{"id":2400,"date":"2023-05-15T09:47:02","date_gmt":"2023-05-15T12:47:02","guid":{"rendered":"https:\/\/interessatb.com.br\/?p=2400"},"modified":"2023-05-15T09:47:02","modified_gmt":"2023-05-15T12:47:02","slug":"mae-uma-missao-ainda-mais-desafiadora-e-complexa","status":"publish","type":"post","link":"https:\/\/interessatb.com.br\/?p=2400","title":{"rendered":"M\u00e3e, uma miss\u00e3o ainda mais desafiadora e complexa"},"content":{"rendered":"<div class=\"wp-block-image is-style-rounded\">\n<figure class=\"alignleft size-full is-resized\"><img loading=\"lazy\" decoding=\"async\" src=\"http:\/\/interessatb.com.br\/wp-content\/uploads\/2022\/03\/Jacir-J-Venturi-Mercury.jpg\" alt=\"\" class=\"wp-image-971\" width=\"64\" height=\"70\"\/><\/figure>\n<\/div>\n\n\n<p>Jacir Venturi*<\/p>\n\n\n\n<p>As m\u00e3es foram, s\u00e3o e sempre ser\u00e3o as maiores educadoras de todos os tempos. Lenda ou fato, jamais me esqueci do meu professor de Hist\u00f3ria, que com a verve de um grande didata nos contava que na Antiguidade houve povos invasores que, ao se apoderarem de uma regi\u00e3o ou pa\u00eds, exterminavam os homens, conquanto mantinham vivas as crian\u00e7as e suas m\u00e3es. E destas, cruelmente decepavam as l\u00ednguas para que a tradi\u00e7\u00e3o fosse banida. Desse mister, e do inerente reconhecimento do elevado papel da m\u00e3e na forma\u00e7\u00e3o dos filhos, ressurgia uma gera\u00e7\u00e3o nos moldes da cultura dos conquistadores.<\/p>\n\n\n\n<p>Ao longo da Hist\u00f3ria, se por um lado as m\u00e3es sempre tiveram reconhecido esse papel, por seu turno as crian\u00e7as de hoje n\u00e3o s\u00e3o as mesmas de antes, sendo muito mais estimuladas e detendo participa\u00e7\u00e3o familiar e social de elevado protagonismo. Assim, mais complexo \u00e9 o papel de m\u00e3e, que mais do que nunca precisa ser vers\u00e1til, polivalente e afetiva, sem ser muito concessiva.<\/p>\n\n\n\n<p>A maternidade respons\u00e1vel \u00e9 uma miss\u00e3o e um dever \u00e0 qual n\u00e3o se pode furtar e se apresenta ainda mais exigente e desafiadora do que no tempo de nossas av\u00f3s. Ainda assim, a vida profissional, apesar de suas elevadas demandas, pode muito bem ser ajustada a uma vida particular equilibrada. Percebo que muitas m\u00e3es desenvolvem conflitos interiores por n\u00e3o estarem suficientemente presentes na vida dos filhos, por\u00e9m mais importante que a quantidade de tempo dispon\u00edvel \u00e9 a seguran\u00e7a de seu amor e de nutri-lo afetivamente. Mais cedo do que imaginam as m\u00e3es, os seus rebentos compreender\u00e3o a dura tarefa de conciliar o papel de provedora e as tarefas do lar. Mas que a m\u00e3e se apresente por inteira na lida com os filhos \u2013 lembrando que o celular \u00e9 meu bem e meu mal; ou para fazer blague, \u00e9 a maquininha de Deus e do diabo.<\/p>\n\n\n\n<p>Como que a compensar a culpa pela aus\u00eancia, h\u00e1 m\u00e3es que cometem dois grandes erros. O primeiro \u00e9 a leni\u00eancia, a frouxid\u00e3o ao exigir responsabilidades dos filhos. A autoridade, quando exercida com equil\u00edbrio, \u00e9 uma manifesta\u00e7\u00e3o de amor \u2013 at\u00e9 porque \u00e9 mais trabalhoso ser exigente que ser &#8220;boazinha&#8221;. O segundo grande erro \u00e9 a superprote\u00e7\u00e3o. Nada mais certo que o arrependimento futuro, pois esta superm\u00e3e, paradoxalmente, \u00e9 fal\u00edvel no que lhe \u00e9 a preocupa\u00e7\u00e3o preponderante: n\u00e3o prepara o filho para a vida adulta permeada de adversidades e frustra\u00e7\u00f5es e para a qual se exigem autonomia e autoconfian\u00e7a.<\/p>\n\n\n\n<p><strong>Veja tamb\u00e9m<\/strong><\/p>\n\n\n\n<p><a href=\"https:\/\/interessatb.com.br\/?p=2365\">Bons prop\u00f3sitos para uma conviv\u00eancia feliz<\/a><\/p>\n\n\n\n<p><a href=\"https:\/\/interessatb.com.br\/?p=2190\">Ser pai ou ser m\u00e3e: nenhuma miss\u00e3o \u00e9 mais desafiadora, mais nobre<\/a><\/p>\n\n\n\n<p>A psic\u00f3loga paulista Maria Estela A. Santos se faz oportuna: \u201cUm filho superprotegido possivelmente ser\u00e1 um adulto inseguro, indeciso, dependente, que sempre necessitar\u00e1 de algu\u00e9m para apoi\u00e1-lo nas decis\u00f5es, nas escolhas, j\u00e1 que a ele foi podado o direito de agir sozinho.\u201d Ademais, aos filhos deve-se delegar tudo o que eles t\u00eam de capacidade f\u00edsica e intelectual para realizar. Se isso n\u00e3o for feito \u2013 e essa dura tarefa deve ser estimulada por todos os adultos da casa \u2013, perde-se uma oportunidade \u00fanica e \u00e9 pouco prov\u00e1vel que a nossa super-hero\u00edna se livre das consequ\u00eancias futuras. E nas situa\u00e7\u00f5es do dia a dia, muitas s\u00e3o as oportunidades de converter as pequenas frustra\u00e7\u00f5es em li\u00e7\u00f5es de resili\u00eancia, imprescind\u00edveis para uma vida adulta equilibrada.<\/p>\n\n\n\n<p>Como diretor de escola, conheci muitas mulheres vocacionadas para o lar e dedicadas \u00e0 educa\u00e7\u00e3o dos filhos, \u00f3timas m\u00e3es e merecem a nossa justa homenagem. Outras deixaram o trabalho por alguns anos e retornaram ao mercado. Outras, ainda, exerceram a maternidade e a profiss\u00e3o com equil\u00edbrio e planejamento, embora eventualmente perpassasse em seus cora\u00e7\u00f5es algum sentimento de culpa. \u00c9 a pluralidade e a diversidade que tornam a vida interessante!<\/p>\n\n\n\n<p>Quando um utens\u00edlio realiza tr\u00eas tarefas dizemos que \u00e9 multifuncional. E o que dizer de uma m\u00e3e? Na \u00e1rdua fr\u00e1gua cotidiana realiza dezenas de fun\u00e7\u00f5es: cuidadora, provedora, psic\u00f3loga, professora, cozinheira, motorista\u2026 que em geral agrega aos pap\u00e9is sociais de esposa, filha, amiga, etc. H\u00e1 momentos, sim, de desamparo e desalento no cotidiano de uma m\u00e3e. Presto minha homenagem a elas neste m\u00eas das m\u00e3es parafraseando a Ora\u00e7\u00e3o de S\u00e3o Francisco de Assis em sua suprema sabedoria: que eu, sendo m\u00e3e, aceite mais consolar que ser consolada. Mais compreender que ser compreendida. Mais amar que ser amada.<\/p>\n\n\n\n<p>(*) <em>Jacir J. Venturi, diretor de escola, professor, av\u00f4 de 3 netos e membro do Conselho Estadual de Educa\u00e7\u00e3o\u00a0do\u00a0Paran\u00e1<\/em><\/p>\n","protected":false},"excerpt":{"rendered":"<div class=\"mh-excerpt\"><p>Jacir Venturi* As m\u00e3es foram, s\u00e3o e sempre ser\u00e3o as maiores educadoras de todos os tempos. Lenda ou fato, jamais me esqueci do meu professor <a class=\"mh-excerpt-more\" href=\"https:\/\/interessatb.com.br\/?p=2400\" title=\"M\u00e3e, uma miss\u00e3o ainda mais desafiadora e complexa\">[&#8230;]<\/a><\/p>\n<\/div>","protected":false},"author":1,"featured_media":2401,"comment_status":"closed","ping_status":"closed","sticky":false,"template":"","format":"standard","meta":{"footnotes":""},"categories":[3,9],"tags":[],"class_list":["post-2400","post","type-post","status-publish","format-standard","has-post-thumbnail","hentry","category-colunistas","category-colunista-jacir-venturi"],"_links":{"self":[{"href":"https:\/\/interessatb.com.br\/index.php?rest_route=\/wp\/v2\/posts\/2400","targetHints":{"allow":["GET"]}}],"collection":[{"href":"https:\/\/interessatb.com.br\/index.php?rest_route=\/wp\/v2\/posts"}],"about":[{"href":"https:\/\/interessatb.com.br\/index.php?rest_route=\/wp\/v2\/types\/post"}],"author":[{"embeddable":true,"href":"https:\/\/interessatb.com.br\/index.php?rest_route=\/wp\/v2\/users\/1"}],"replies":[{"embeddable":true,"href":"https:\/\/interessatb.com.br\/index.php?rest_route=%2Fwp%2Fv2%2Fcomments&post=2400"}],"version-history":[{"count":1,"href":"https:\/\/interessatb.com.br\/index.php?rest_route=\/wp\/v2\/posts\/2400\/revisions"}],"predecessor-version":[{"id":2402,"href":"https:\/\/interessatb.com.br\/index.php?rest_route=\/wp\/v2\/posts\/2400\/revisions\/2402"}],"wp:featuredmedia":[{"embeddable":true,"href":"https:\/\/interessatb.com.br\/index.php?rest_route=\/wp\/v2\/media\/2401"}],"wp:attachment":[{"href":"https:\/\/interessatb.com.br\/index.php?rest_route=%2Fwp%2Fv2%2Fmedia&parent=2400"}],"wp:term":[{"taxonomy":"category","embeddable":true,"href":"https:\/\/interessatb.com.br\/index.php?rest_route=%2Fwp%2Fv2%2Fcategories&post=2400"},{"taxonomy":"post_tag","embeddable":true,"href":"https:\/\/interessatb.com.br\/index.php?rest_route=%2Fwp%2Fv2%2Ftags&post=2400"}],"curies":[{"name":"wp","href":"https:\/\/api.w.org\/{rel}","templated":true}]}}