{"id":2403,"date":"2023-05-15T10:05:26","date_gmt":"2023-05-15T13:05:26","guid":{"rendered":"https:\/\/interessatb.com.br\/?p=2403"},"modified":"2023-05-15T10:08:36","modified_gmt":"2023-05-15T13:08:36","slug":"comeca-hoje-a-semana-nacional-de-museus-telemaco-borba-participara-com-diversas-de-atividades-culturais","status":"publish","type":"post","link":"https:\/\/interessatb.com.br\/?p=2403","title":{"rendered":"Come\u00e7a hoje a Semana Nacional de Museus. Tel\u00eamaco Borba participar\u00e1 com diversas de atividades culturais"},"content":{"rendered":"\n<p>O Museu Hist\u00f3rico Municipal de Tel\u00eamaco Borba vai participar da 21\u00aa edi\u00e7\u00e3o da Semana Nacional de Museus que tem o tema \u201cMuseus, sustentabilidade e bem-estar\u201d, como parte do avan\u00e7o de uma agenda dedicada \u00e0 sustentabilidade.<\/p>\n\n\n\n<p>A abertura oficial do evento est\u00e1 programada para segunda-feira (15), \u00e0s 19h30 \u00e0s 21 horas no Museu Hist\u00f3rico, localizado na Casa das Artes.<\/p>\n\n\n\n<p>Logo ap\u00f3s ser\u00e1 feita a abertura da Exposi\u00e7\u00e3o Olhar\/Ver: retrospectiva Tel\u00eamaco Borba \u2013 59 anos, que fica a aberta ao p\u00fablico at\u00e9 o dia 31 de julho.<\/p>\n\n\n\n<p>Na ter\u00e7a-feira (16) e na quinta (18), das 9 \u00e0s 11 horas est\u00e1 programada a Visita Mediada pelo Museu Hist\u00f3rico Municipal, aberta para as escolas. Para esta visita ser\u00e1 permitido no m\u00e1ximo 25 alunos por per\u00edodo. A Visita Mediada deve ser agendada pelo telefone (42) 3904-1614.<\/p>\n\n\n\n<p>De 17 a 31, das 8 horas at\u00e9 as 23h59, est\u00e1 previsto o lan\u00e7amento de Enquete com intera\u00e7\u00e3o a partir de reflex\u00f5es sobre a proposta promovida pelo Evento.<\/p>\n\n\n\n<p>Na sexta (19), ser\u00e1 feita uma Mesa Redonda mediada pelos integrantes do Comit\u00ea Territorial Vale do Tibagi. A atividade visa um di\u00e1logo entre os participantes com o objetivo de fomentar reflex\u00f5es a partir dos temas propostos e o territ\u00f3rio.<\/p>\n\n\n\n<p>A Semana tamb\u00e9m prev\u00ea para o s\u00e1bado (20), das 14 \u00e0s 17 horas, um di\u00e1logo mediado com o professor mestre Flor\u00eancio Rekaug Fernandes (Professor Kaingang da Terra Ind\u00edgena Mangueirinha) e o assistente social do IDR-Paran\u00e1 Deivid Ricardo Carolli.<\/p>\n\n\n\n<p>O encerramento da Semana acontece no domingo (21) das 14 \u00e0s 17 horas na Pra\u00e7a Pedro Cortez com atividade ao ar livre. Caso chova no dia a atividade ser\u00e1 cancelada.<\/p>\n\n\n\n<p>Todas as atividades propostas na Semana Nacional dos Museus s\u00e3o gratuitas.<\/p>\n\n\n\n<p>&nbsp;A escolha do tema, proposto anualmente pelo Conselho Internacional de Museus \u2013 ICOM para o Dia Internacional dos Museus, celebrado em 18 de maio, tem como objetivo destacar a import\u00e2ncia dos museus como espa\u00e7os que promovem o bem-estar e a sustentabilidade e apoiar tr\u00eas dos Objetivos de Desenvolvimento Sustent\u00e1vel (ODS) da Organiza\u00e7\u00e3o das Na\u00e7\u00f5es Unidas (ONU): Sa\u00fade e Bem-Estar Global, A\u00e7\u00e3o Clim\u00e1tica e Vida na Terra.<\/p>\n\n\n\n<p>Fonte: <em>Divulga\u00e7\u00e3o PMTB.<\/em><\/p>\n","protected":false},"excerpt":{"rendered":"<div class=\"mh-excerpt\"><p>O Museu Hist\u00f3rico Municipal de Tel\u00eamaco Borba vai participar da 21\u00aa edi\u00e7\u00e3o da Semana Nacional de Museus que tem o tema \u201cMuseus, sustentabilidade e bem-estar\u201d, <a class=\"mh-excerpt-more\" href=\"https:\/\/interessatb.com.br\/?p=2403\" title=\"Come\u00e7a hoje a Semana Nacional de Museus. Tel\u00eamaco Borba participar\u00e1 com diversas de atividades culturais\">[&#8230;]<\/a><\/p>\n<\/div>","protected":false},"author":1,"featured_media":2404,"comment_status":"closed","ping_status":"closed","sticky":false,"template":"","format":"standard","meta":{"footnotes":""},"categories":[2,19],"tags":[],"class_list":["post-2403","post","type-post","status-publish","format-standard","has-post-thumbnail","hentry","category-cidade","category-cultura"],"_links":{"self":[{"href":"https:\/\/interessatb.com.br\/index.php?rest_route=\/wp\/v2\/posts\/2403","targetHints":{"allow":["GET"]}}],"collection":[{"href":"https:\/\/interessatb.com.br\/index.php?rest_route=\/wp\/v2\/posts"}],"about":[{"href":"https:\/\/interessatb.com.br\/index.php?rest_route=\/wp\/v2\/types\/post"}],"author":[{"embeddable":true,"href":"https:\/\/interessatb.com.br\/index.php?rest_route=\/wp\/v2\/users\/1"}],"replies":[{"embeddable":true,"href":"https:\/\/interessatb.com.br\/index.php?rest_route=%2Fwp%2Fv2%2Fcomments&post=2403"}],"version-history":[{"count":2,"href":"https:\/\/interessatb.com.br\/index.php?rest_route=\/wp\/v2\/posts\/2403\/revisions"}],"predecessor-version":[{"id":2406,"href":"https:\/\/interessatb.com.br\/index.php?rest_route=\/wp\/v2\/posts\/2403\/revisions\/2406"}],"wp:featuredmedia":[{"embeddable":true,"href":"https:\/\/interessatb.com.br\/index.php?rest_route=\/wp\/v2\/media\/2404"}],"wp:attachment":[{"href":"https:\/\/interessatb.com.br\/index.php?rest_route=%2Fwp%2Fv2%2Fmedia&parent=2403"}],"wp:term":[{"taxonomy":"category","embeddable":true,"href":"https:\/\/interessatb.com.br\/index.php?rest_route=%2Fwp%2Fv2%2Fcategories&post=2403"},{"taxonomy":"post_tag","embeddable":true,"href":"https:\/\/interessatb.com.br\/index.php?rest_route=%2Fwp%2Fv2%2Ftags&post=2403"}],"curies":[{"name":"wp","href":"https:\/\/api.w.org\/{rel}","templated":true}]}}