{"id":2420,"date":"2023-06-22T08:37:32","date_gmt":"2023-06-22T11:37:32","guid":{"rendered":"https:\/\/interessatb.com.br\/?p=2420"},"modified":"2023-07-27T08:00:54","modified_gmt":"2023-07-27T11:00:54","slug":"incubadora-tecnologica-do-ifpr-e-inaugurada-em-telemaco-borba","status":"publish","type":"post","link":"https:\/\/interessatb.com.br\/?p=2420","title":{"rendered":"Incubadora Tecnol\u00f3gica \u00e9 inaugurada em Tel\u00eamaco Borba"},"content":{"rendered":"\n<p>Aconteceu nesta quarta-feira, 14 de junho, a inaugura\u00e7\u00e3o da Incubadora do IFPR no Campus de Tel\u00eamaco Borba. O evento contou com a presen\u00e7a do reitor do IFPR, representantes do Poder P\u00fablico municipal, SEBRAE, corpo docente, estudantes da institui\u00e7\u00e3o e demais convidados. <\/p>\n\n\n\n<p>O lan\u00e7amento aconteceu dentro da programa\u00e7\u00e3o do Semin\u00e1rio de extens\u00e3o, Ensino, Pesquisa e Inova\u00e7\u00e3o &#8211; SEPIN, j\u00e1 em sua oitava edi\u00e7\u00e3o. \u00c9 a terceira incubadora tecnol\u00f3gica inaugurada pelo IFPR no estado. As outras duas j\u00e1 est\u00e3o em funcionamento e est\u00e3o localizadas nos Campi das cidades de Paranagu\u00e1 e Colombo. Em breve ser\u00e1 publicado o edital para sele\u00e7\u00e3o das primeiras empresas que ser\u00e3o incubadas. <\/p>\n\n\n\n<p>Poder\u00e3o participar do edital estudantes, egressos do IFPR e a comunidade externa ao instituto. A previs\u00e3o para o in\u00edcio de funcionamento da incubadora \u00e9 j\u00e1 a partir deste 2\u00ba semestre. A proposta \u00e9 oferecer espa\u00e7o e apoio para empreendedores e projetos que apresentem solu\u00e7\u00f5es inovadoras para problemas sociais, tecnol\u00f3gicos e ambientais.<\/p>\n\n\n\n<p><strong>Veja tamb\u00e9m<\/strong><\/p>\n\n\n\n<p><a href=\"https:\/\/interessatb.com.br\/?p=2376\">Programa Cidade Inova promove visita ao IST \u2013 Instituto Senai de Tecnologia de Papel e Celulose<\/a><\/p>\n\n\n\n<p><a href=\"https:\/\/interessatb.com.br\/?p=1715\">Lideran\u00e7as empresariais de Tel\u00eamaco Borba visitam Parques Tecnol\u00f3gicos da regi\u00e3o sul\/sudeste do Paran\u00e1<\/a><\/p>\n\n\n\n<p><br>Para o reitor do IFPR, Odacir Antonio Zanatta, &#8220;o momento \u00e9 favor\u00e1vel para iniciativas que envolvam educa\u00e7\u00e3o, ci\u00eancia e tecnologia. Devemos aproveitar este fato e associar investimentos, nossas cabe\u00e7as pensantes dentro da institui\u00e7\u00e3o, os professores e estudantes, aliados \u00e0 nossa infraestrutura existente, para fomentar a inova\u00e7\u00e3o&#8221;.<\/p>\n\n\n\n<p>Rafael Poltronieri, Diretor Geral IFPR Campus local comentou que a inaugura\u00e7\u00e3o deste espa\u00e7o vem depois de muito esfor\u00e7o. e traduz um sentimento de realiza\u00e7\u00e3o de um sonho, h\u00e1 muito tempo almejado pela institui\u00e7\u00e3o.<\/p>\n\n\n\n<p>Samuel Roberto Marcondes \u00e9 o Coordenador do N\u00facleo de Inova\u00e7\u00e3o Tecnol\u00f3gica do Campus Tel\u00eamaco Borba e afirma que &#8220;Com a incubadora o IFPR oportuniza um espa\u00e7o para que nossos estudantes e a comunidade externa (ao IFPR) possam ter neste local um ambiente para desenvolver suas ideias&#8221;. <\/p>\n\n\n\n<p>O representante do Executivo Municipal, Josemir Zanetti, chefe da divis\u00e3o de desenvolvimento econ\u00f4mico, da secretaria de trabalho e da ind\u00fastria convencional de Tel\u00eamaco Borba traduziu o ambiente de coopera\u00e7\u00e3o por que passa a inova\u00e7\u00e3o no munic\u00edpio: &#8220;Temos nosso programa para incubadoras e nossa aceleradora de startups do munic\u00edpio. Mas pelo perfil destes empreendimentos em seu in\u00edcio, \u00e9 mais adequado que eles estejam dentro de uma institui\u00e7\u00e3o como o IFPR. A integra\u00e7\u00e3o desta iniciativa com a aceleradora do munic\u00edpio \u00e9 evidente pois as empresas egressas da incubadora do IFPR que estiverem prontas para crescerem e adentrar o mercado poder\u00e3o receber o apoio da aceleradora na sequ\u00eancia.&#8221;<\/p>\n\n\n\n<p>&#8220;Ao inaugurar a incubadora na regi\u00e3o, o IFPR contribui com o ecossistema de inova\u00e7\u00e3o local, onde est\u00e3o presentes outros atores como a prefeitura, institui\u00e7\u00f5es de ensino e empresas, al\u00e9m da comunidade&#8221;, ressaltou Willian Jos\u00e9 Borges &#8211; Diretor da Ag\u00eancia de Inova\u00e7\u00e3o do IFPR.<\/p>\n\n\n\n<figure class=\"wp-block-gallery has-nested-images columns-default is-cropped wp-block-gallery-1 is-layout-flex wp-block-gallery-is-layout-flex\">\n<figure class=\"wp-block-image size-large\"><img loading=\"lazy\" decoding=\"async\" width=\"1024\" height=\"768\" data-id=\"2443\" src=\"https:\/\/interessatb.com.br\/wp-content\/uploads\/2023\/06\/Inauguracao-da-Incubadora-do-IFPR-2023-1-1024x768.jpg\" alt=\"\" class=\"wp-image-2443\" srcset=\"https:\/\/interessatb.com.br\/wp-content\/uploads\/2023\/06\/Inauguracao-da-Incubadora-do-IFPR-2023-1-1024x768.jpg 1024w, https:\/\/interessatb.com.br\/wp-content\/uploads\/2023\/06\/Inauguracao-da-Incubadora-do-IFPR-2023-1-300x225.jpg 300w, https:\/\/interessatb.com.br\/wp-content\/uploads\/2023\/06\/Inauguracao-da-Incubadora-do-IFPR-2023-1-768x576.jpg 768w, https:\/\/interessatb.com.br\/wp-content\/uploads\/2023\/06\/Inauguracao-da-Incubadora-do-IFPR-2023-1-1536x1152.jpg 1536w, https:\/\/interessatb.com.br\/wp-content\/uploads\/2023\/06\/Inauguracao-da-Incubadora-do-IFPR-2023-1-678x509.jpg 678w, https:\/\/interessatb.com.br\/wp-content\/uploads\/2023\/06\/Inauguracao-da-Incubadora-do-IFPR-2023-1-326x245.jpg 326w, https:\/\/interessatb.com.br\/wp-content\/uploads\/2023\/06\/Inauguracao-da-Incubadora-do-IFPR-2023-1-80x60.jpg 80w, https:\/\/interessatb.com.br\/wp-content\/uploads\/2023\/06\/Inauguracao-da-Incubadora-do-IFPR-2023-1.jpg 1600w\" sizes=\"auto, (max-width: 1024px) 100vw, 1024px\" \/><figcaption class=\"wp-element-caption\">Foto: Stefanny Duszeiko de Almeida<\/figcaption><\/figure>\n<\/figure>\n","protected":false},"excerpt":{"rendered":"<div class=\"mh-excerpt\"><p>Aconteceu nesta quarta-feira, 14 de junho, a inaugura\u00e7\u00e3o da Incubadora do IFPR no Campus de Tel\u00eamaco Borba. O evento contou com a presen\u00e7a do reitor <a class=\"mh-excerpt-more\" href=\"https:\/\/interessatb.com.br\/?p=2420\" title=\"Incubadora Tecnol\u00f3gica \u00e9 inaugurada em Tel\u00eamaco Borba\">[&#8230;]<\/a><\/p>\n<\/div>","protected":false},"author":1,"featured_media":2444,"comment_status":"closed","ping_status":"closed","sticky":false,"template":"","format":"standard","meta":{"footnotes":""},"categories":[2,18],"tags":[],"class_list":["post-2420","post","type-post","status-publish","format-standard","has-post-thumbnail","hentry","category-cidade","category-ciencia-e-tecnologia"],"_links":{"self":[{"href":"https:\/\/interessatb.com.br\/index.php?rest_route=\/wp\/v2\/posts\/2420","targetHints":{"allow":["GET"]}}],"collection":[{"href":"https:\/\/interessatb.com.br\/index.php?rest_route=\/wp\/v2\/posts"}],"about":[{"href":"https:\/\/interessatb.com.br\/index.php?rest_route=\/wp\/v2\/types\/post"}],"author":[{"embeddable":true,"href":"https:\/\/interessatb.com.br\/index.php?rest_route=\/wp\/v2\/users\/1"}],"replies":[{"embeddable":true,"href":"https:\/\/interessatb.com.br\/index.php?rest_route=%2Fwp%2Fv2%2Fcomments&post=2420"}],"version-history":[{"count":26,"href":"https:\/\/interessatb.com.br\/index.php?rest_route=\/wp\/v2\/posts\/2420\/revisions"}],"predecessor-version":[{"id":2449,"href":"https:\/\/interessatb.com.br\/index.php?rest_route=\/wp\/v2\/posts\/2420\/revisions\/2449"}],"wp:featuredmedia":[{"embeddable":true,"href":"https:\/\/interessatb.com.br\/index.php?rest_route=\/wp\/v2\/media\/2444"}],"wp:attachment":[{"href":"https:\/\/interessatb.com.br\/index.php?rest_route=%2Fwp%2Fv2%2Fmedia&parent=2420"}],"wp:term":[{"taxonomy":"category","embeddable":true,"href":"https:\/\/interessatb.com.br\/index.php?rest_route=%2Fwp%2Fv2%2Fcategories&post=2420"},{"taxonomy":"post_tag","embeddable":true,"href":"https:\/\/interessatb.com.br\/index.php?rest_route=%2Fwp%2Fv2%2Ftags&post=2420"}],"curies":[{"name":"wp","href":"https:\/\/api.w.org\/{rel}","templated":true}]}}