{"id":2454,"date":"2023-07-02T07:18:00","date_gmt":"2023-07-02T10:18:00","guid":{"rendered":"https:\/\/interessatb.com.br\/?p=2454"},"modified":"2023-07-13T07:28:38","modified_gmt":"2023-07-13T10:28:38","slug":"governo-do-parana-debate-em-telemaco-borba-prioridades-para-o-plano-plurianual-do-estado","status":"publish","type":"post","link":"https:\/\/interessatb.com.br\/?p=2454","title":{"rendered":"Governo do Paran\u00e1 debate em Tel\u00eamaco Borba prioridades para o Plano Plurianual do estado"},"content":{"rendered":"\n<p>O Governo do Estado trouxe a Tel\u00eamaco Borba, nesta quarta-feira (21 de junho), o encontro do Rede399 \u2013 Pacto pelo futuro: Planejando o Paran\u00e1, onde foram apresentadas as principais a\u00e7\u00f5es da Secretaria de Estado do Planejamento (SEPL): o Plano Plurianual (PPA) e os programas Paran\u00e1 Produtivo (Fase II) e Conecta399.<\/p>\n\n\n\n<p>O objetivo de encontros como este \u00e9 consolidar as demandas regionais com&nbsp;vistas \u00e0 elabora\u00e7\u00e3o do novo Plano Plurianual PPA 2024-2027, que deve ser entregue at\u00e9 30 de setembro, conjuntamente \u00e0s necessidades levantadas atrav\u00e9s do Programa Paran\u00e1 Produtivo.<\/p>\n\n\n\n<p>O projeto \u00e9 realizado em parceria com a Assembleia Legislativa do Estado do Paran\u00e1 \u2013 Comiss\u00e3o de Or\u00e7amento, tem apoio das governan\u00e7as definidas pela primeira fase do Paran\u00e1 Produtivo, e vem reunindo lideran\u00e7as locais, setor produtivo, associa\u00e7\u00f5es, universidades, deputados, prefeitos, vereadores e secret\u00e1rios municipais.<\/p>\n\n\n\n<p><strong>Veja tamb\u00e9m<\/strong><\/p>\n\n\n\n<p><a href=\"https:\/\/interessatb.com.br\/?p=2420\">Incubadora Tecnol\u00f3gica \u00e9 inaugurada em Tel\u00eamaco Borba<\/a><\/p>\n\n\n\n<p><a href=\"https:\/\/interessatb.com.br\/?p=2393\">Com o tema \u201cO Papel do Conselho Municipal da Cidade\u201d Confer\u00eancia elege novos conselheiros<\/a><\/p>\n\n\n\n<p>Entre os destaques do encontro, que teve in\u00edcio em maio na cidade de Castro, passando por Ponta Grossa, Francisco Beltr\u00e3o e Pato Branco, foi a oportunidade de lideran\u00e7as locais poderem debater e votar na prioriza\u00e7\u00e3o de propostas para a regi\u00e3o, que compreende 19 munic\u00edpios.<\/p>\n\n\n\n<p>Com a participa\u00e7\u00e3o ativa de mais de 200 pessoas reunidas no audit\u00f3rio do Centro Universit\u00e1rio de Tel\u00eamaco Borba (Unifateb), a plateia pode escolher, entre as contribui\u00e7\u00f5es regionais provenientes de Consulta P\u00fablica online feita em abril, as que merecem mais aten\u00e7\u00e3o.<\/p>\n\n\n\n<figure class=\"wp-block-image size-large\"><img loading=\"lazy\" decoding=\"async\" width=\"1024\" height=\"681\" src=\"https:\/\/interessatb.com.br\/wp-content\/uploads\/2023\/07\/Encontro-399-em-Telemaco-Borba-1024x681.jpg\" alt=\"\" class=\"wp-image-2457\" srcset=\"https:\/\/interessatb.com.br\/wp-content\/uploads\/2023\/07\/Encontro-399-em-Telemaco-Borba-1024x681.jpg 1024w, https:\/\/interessatb.com.br\/wp-content\/uploads\/2023\/07\/Encontro-399-em-Telemaco-Borba-300x200.jpg 300w, https:\/\/interessatb.com.br\/wp-content\/uploads\/2023\/07\/Encontro-399-em-Telemaco-Borba-768x511.jpg 768w, https:\/\/interessatb.com.br\/wp-content\/uploads\/2023\/07\/Encontro-399-em-Telemaco-Borba.jpg 1144w\" sizes=\"auto, (max-width: 1024px) 100vw, 1024px\" \/><figcaption class=\"wp-element-caption\">Foto: Alex Adam\/SEPL.<\/figcaption><\/figure>\n\n\n\n<p>O secret\u00e1rio de Estado do Planejamento, Guto Silva, reafirmou no local que a orienta\u00e7\u00e3o do governador foi efetivar um planejamento a m\u00e9dio e longo prazo, diferente do que habitualmente tem ocorrido no Brasil, de se pensar em curto prazo. \u201cHoje tivemos a oportunidade, com prefeitos, vereadores, lideran\u00e7as, entidades e terceiro setor, de poder fazer esse balan\u00e7o, identificar quais s\u00e3o as a\u00e7\u00f5es priorit\u00e1rias na regi\u00e3o e traduzir para o or\u00e7amento do Estado, uma a\u00e7\u00e3o de planejamento. Vamos percorrer at\u00e9 fim de setembro todas as regi\u00f5es do Paran\u00e1, para que mais iniciativas e estrat\u00e9gias possam estar representadas dentro do or\u00e7amento\u201d, disse.<\/p>\n\n\n\n<p>Para Ericl\u00e9ia de F\u00e1tima Dlugosz da Silva, presidente do Comit\u00ea Territorial Vale do Tibagi, &#8220;Estar aqui em nossa cidade junto com o governo do estado, representantes p\u00fablicos do legislativo e executivo estadual e municipais, empresas, entidades e lideran\u00e7as locais, e participar do Plano Plurianual do Estado \u00e9 sem d\u00favida um momento impar, que oportuniza uma participa\u00e7\u00e3o democr\u00e1tica e inclusiva da regi\u00e3o no delineamento dos passos que daremos em prol do desenvolvimento nos pr\u00f3ximos anos. Na oportunidade, nossa regi\u00e3o apresentou suas principais demandas e entregou ao governo do estado projeto elaborado a partir de parceria com algumas institui\u00e7\u00f5es como Acitel, Comit\u00ea Vale do Tibagi, IDR, Seab e Sebrae, visando alavancar as primeiras a\u00e7\u00f5es em&nbsp;nossa&nbsp;regi\u00e3o&#8221;.<\/p>\n","protected":false},"excerpt":{"rendered":"<div class=\"mh-excerpt\"><p>O Governo do Estado trouxe a Tel\u00eamaco Borba, nesta quarta-feira (21 de junho), o encontro do Rede399 \u2013 Pacto pelo futuro: Planejando o Paran\u00e1, onde <a class=\"mh-excerpt-more\" href=\"https:\/\/interessatb.com.br\/?p=2454\" title=\"Governo do Paran\u00e1 debate em Tel\u00eamaco Borba prioridades para o Plano Plurianual do estado\">[&#8230;]<\/a><\/p>\n<\/div>","protected":false},"author":1,"featured_media":2455,"comment_status":"closed","ping_status":"closed","sticky":false,"template":"","format":"standard","meta":{"footnotes":""},"categories":[12,13,14],"tags":[],"class_list":["post-2454","post","type-post","status-publish","format-standard","has-post-thumbnail","hentry","category-parana","category-politica","category-regiao"],"_links":{"self":[{"href":"https:\/\/interessatb.com.br\/index.php?rest_route=\/wp\/v2\/posts\/2454","targetHints":{"allow":["GET"]}}],"collection":[{"href":"https:\/\/interessatb.com.br\/index.php?rest_route=\/wp\/v2\/posts"}],"about":[{"href":"https:\/\/interessatb.com.br\/index.php?rest_route=\/wp\/v2\/types\/post"}],"author":[{"embeddable":true,"href":"https:\/\/interessatb.com.br\/index.php?rest_route=\/wp\/v2\/users\/1"}],"replies":[{"embeddable":true,"href":"https:\/\/interessatb.com.br\/index.php?rest_route=%2Fwp%2Fv2%2Fcomments&post=2454"}],"version-history":[{"count":4,"href":"https:\/\/interessatb.com.br\/index.php?rest_route=\/wp\/v2\/posts\/2454\/revisions"}],"predecessor-version":[{"id":2466,"href":"https:\/\/interessatb.com.br\/index.php?rest_route=\/wp\/v2\/posts\/2454\/revisions\/2466"}],"wp:featuredmedia":[{"embeddable":true,"href":"https:\/\/interessatb.com.br\/index.php?rest_route=\/wp\/v2\/media\/2455"}],"wp:attachment":[{"href":"https:\/\/interessatb.com.br\/index.php?rest_route=%2Fwp%2Fv2%2Fmedia&parent=2454"}],"wp:term":[{"taxonomy":"category","embeddable":true,"href":"https:\/\/interessatb.com.br\/index.php?rest_route=%2Fwp%2Fv2%2Fcategories&post=2454"},{"taxonomy":"post_tag","embeddable":true,"href":"https:\/\/interessatb.com.br\/index.php?rest_route=%2Fwp%2Fv2%2Ftags&post=2454"}],"curies":[{"name":"wp","href":"https:\/\/api.w.org\/{rel}","templated":true}]}}