{"id":2461,"date":"2023-07-02T08:17:13","date_gmt":"2023-07-02T11:17:13","guid":{"rendered":"https:\/\/interessatb.com.br\/?p=2461"},"modified":"2023-07-02T08:17:13","modified_gmt":"2023-07-02T11:17:13","slug":"a-feira-do-bem-apresenta-mudancas-na-coleta-de-reciclaveis-a-partir-deste-mes-de-julho","status":"publish","type":"post","link":"https:\/\/interessatb.com.br\/?p=2461","title":{"rendered":"A Feira do Bem apresenta mudan\u00e7as na coleta de recicl\u00e1veis, a partir deste m\u00eas de julho"},"content":{"rendered":"\n<p>O programa Feira do Bem, promovido pela prefeitura municipal de Tel\u00eamaco Borba, alcan\u00e7ou popularidade no munic\u00edpio. A partir deste m\u00eas haver\u00e1 mudan\u00e7as na troca de materiais recicl\u00e1veis por alimentos, com ajustes na tabela de convers\u00e3o de troca.<\/p>\n\n\n\n<p>O programa tem como objetivos fomentar a produ\u00e7\u00e3o, comercializa\u00e7\u00e3o e distribui\u00e7\u00e3o de produtos hortifrutigranjeiros oriundos da agricultura familiar e dar melhor tratamento aos res\u00edduos com potencial de reciclagem e descartados de forma inadequada na natureza.<\/p>\n\n\n\n<p>O <a href=\"http:\/\/www.telemacoborba.pr.gov.br\/informacoes\/boletim-oficial\/18627-edicao-2174.html\">Decreto n\u00ba 29.548<\/a>, que foi publicado no dia 26 de junho de 2023, define como recicl\u00e1veis pass\u00edveis de troca: metais, pl\u00e1sticos, vidros, pap\u00e9is, papel\u00e3o e garrafas pet. O programa Feira do Bem deixar\u00e1 de receber res\u00edduos eletr\u00f4nicos, como por exemplo eletrodom\u00e9sticos, telefones e smartphones, computadores, notebooks e equipamentos eletr\u00f4nicos de qualquer natureza, pois esses tipos de res\u00edduos t\u00eam um programa pr\u00f3prio, o Recicla Digital.<\/p>\n\n\n\n<p><strong>Veja tamb\u00e9m<\/strong><\/p>\n\n\n\n<p><a href=\"https:\/\/interessatb.com.br\/?p=2420\">Incubadora Tecnol\u00f3gica \u00e9 inaugurada em Tel\u00eamaco Borba<\/a><\/p>\n\n\n\n<p><a href=\"https:\/\/interessatb.com.br\/?p=2454\">Governo do Paran\u00e1 debate em Tel\u00eamaco Borba prioridades para o Plano Plurianual do estado<\/a><\/p>\n\n\n\n<p>A tabela de convers\u00e3o para a troca de res\u00edduos recicl\u00e1veis por alimento tamb\u00e9m sofreu ajustes, com limite m\u00e1ximo de res\u00edduos de 45Kg, para a troca. A exce\u00e7\u00e3o \u00e9 a troca de garrafas pets, ter\u00e1 tratamento diferenciado. A convers\u00e3o ser\u00e1 de um por um. A cada quilo de garrafa ser\u00e1 entregue um quilo de alimento.<\/p>\n\n\n\n<p class=\"has-text-align-center\"><strong>TABELA DE CONVERS\u00c3O DE RES\u00cdDUOS POR ALIMENTOS<\/strong><\/p>\n\n\n<div class=\"wp-block-image\">\n<figure class=\"aligncenter size-full\"><img loading=\"lazy\" decoding=\"async\" width=\"746\" height=\"596\" src=\"https:\/\/interessatb.com.br\/wp-content\/uploads\/2023\/07\/tabela-hortifruti-feira-do-bem.jpg\" alt=\"\" class=\"wp-image-2462\" srcset=\"https:\/\/interessatb.com.br\/wp-content\/uploads\/2023\/07\/tabela-hortifruti-feira-do-bem.jpg 746w, https:\/\/interessatb.com.br\/wp-content\/uploads\/2023\/07\/tabela-hortifruti-feira-do-bem-300x240.jpg 300w\" sizes=\"auto, (max-width: 746px) 100vw, 746px\" \/><figcaption class=\"wp-element-caption\">Fonte: adaptada\/Boletim Oficial &#8211; Decreto n\u00ba 29.548.<\/figcaption><\/figure>\n<\/div>\n\n\n<p>Al\u00e9m das mudan\u00e7as, de acordo com Maur\u00edcio Di\u00f3genes de Castro, chefe da Divis\u00e3o de Servi\u00e7os P\u00fablicos, da Secretaria Municipal de Obras e Servi\u00e7os P\u00fablicos do munic\u00edpio, a Feira traz uma novidade para os usu\u00e1rios. Ser\u00e1 implantado\u00a0nos pr\u00f3ximos meses o sistema drive thru. \u201cAs pessoas que quiserem trocar o reciclado diretamente no barrac\u00e3o da feira poder\u00e3o fazer isso. Haver\u00e1 uma equipe para atender aqueles que quiserem\u201d, enfatizou. A entrega ser\u00e1 feita nos mesmos dias que ocorre a Feira. O barrac\u00e3o da Feira do Bem est\u00e1 localizado na Rua Igua\u00e7u, ao lado da Caixa d\u00b4\u00e1gua, na \u00c1rea 3.<\/p>\n","protected":false},"excerpt":{"rendered":"<div class=\"mh-excerpt\"><p>O programa Feira do Bem, promovido pela prefeitura municipal de Tel\u00eamaco Borba, alcan\u00e7ou popularidade no munic\u00edpio. A partir deste m\u00eas haver\u00e1 mudan\u00e7as na troca de <a class=\"mh-excerpt-more\" href=\"https:\/\/interessatb.com.br\/?p=2461\" title=\"A Feira do Bem apresenta mudan\u00e7as na coleta de recicl\u00e1veis, a partir deste m\u00eas de julho\">[&#8230;]<\/a><\/p>\n<\/div>","protected":false},"author":1,"featured_media":2463,"comment_status":"closed","ping_status":"closed","sticky":false,"template":"","format":"standard","meta":{"footnotes":""},"categories":[2],"tags":[],"class_list":["post-2461","post","type-post","status-publish","format-standard","has-post-thumbnail","hentry","category-cidade"],"_links":{"self":[{"href":"https:\/\/interessatb.com.br\/index.php?rest_route=\/wp\/v2\/posts\/2461","targetHints":{"allow":["GET"]}}],"collection":[{"href":"https:\/\/interessatb.com.br\/index.php?rest_route=\/wp\/v2\/posts"}],"about":[{"href":"https:\/\/interessatb.com.br\/index.php?rest_route=\/wp\/v2\/types\/post"}],"author":[{"embeddable":true,"href":"https:\/\/interessatb.com.br\/index.php?rest_route=\/wp\/v2\/users\/1"}],"replies":[{"embeddable":true,"href":"https:\/\/interessatb.com.br\/index.php?rest_route=%2Fwp%2Fv2%2Fcomments&post=2461"}],"version-history":[{"count":1,"href":"https:\/\/interessatb.com.br\/index.php?rest_route=\/wp\/v2\/posts\/2461\/revisions"}],"predecessor-version":[{"id":2464,"href":"https:\/\/interessatb.com.br\/index.php?rest_route=\/wp\/v2\/posts\/2461\/revisions\/2464"}],"wp:featuredmedia":[{"embeddable":true,"href":"https:\/\/interessatb.com.br\/index.php?rest_route=\/wp\/v2\/media\/2463"}],"wp:attachment":[{"href":"https:\/\/interessatb.com.br\/index.php?rest_route=%2Fwp%2Fv2%2Fmedia&parent=2461"}],"wp:term":[{"taxonomy":"category","embeddable":true,"href":"https:\/\/interessatb.com.br\/index.php?rest_route=%2Fwp%2Fv2%2Fcategories&post=2461"},{"taxonomy":"post_tag","embeddable":true,"href":"https:\/\/interessatb.com.br\/index.php?rest_route=%2Fwp%2Fv2%2Ftags&post=2461"}],"curies":[{"name":"wp","href":"https:\/\/api.w.org\/{rel}","templated":true}]}}