{"id":2488,"date":"2023-07-13T07:26:56","date_gmt":"2023-07-13T10:26:56","guid":{"rendered":"https:\/\/interessatb.com.br\/?p=2488"},"modified":"2023-07-13T07:26:56","modified_gmt":"2023-07-13T10:26:56","slug":"arraia-da-feira-da-lua-atrai-e-impulsiona-negocios-de-pequenos-empreendedores-locais","status":"publish","type":"post","link":"https:\/\/interessatb.com.br\/?p=2488","title":{"rendered":"&#8220;Arrai\u00e1 da Feira da Lua\u201d atrai e impulsiona neg\u00f3cios de pequenos empreendedores locais"},"content":{"rendered":"\n<p>O \u201cArrai\u00e1 da Feira da Lua\u201d foi realizado nos dias 4, 6 e 7 deste m\u00eas, no Terminal Rodovi\u00e1rio,  atraindo um grande n\u00famero de pessoas e proporcionando oportunidades de neg\u00f3cios para os empreendedores locais.<\/p>\n\n\n\n<p>Com o objetivo de criar um ambiente prop\u00edcio para pequenos empreendedores nas \u00e1reas de alimenta\u00e7\u00e3o, artesanato, vestu\u00e1rio, utens\u00edlios dom\u00e9sticos, entre outros, a Feira da Lua foi ambientada em uma festa julina, propiciando um ambiente festivo ao evento. A iniciativa foi da Prefeitura Municipal de Tel\u00eamaco Borba, por meio da Secretaria Municipal do Trabalho e Ind\u00fastria (SMTIC) em parceria com a Secretaria Municipal de Cultura, Esporte e Recrea\u00e7\u00e3o (SMCER).<\/p>\n\n\n\n<p>Muitos dos participantes s\u00e3o originados de cursos gratuitos oferecidos pela administra\u00e7\u00e3o p\u00fablica, como os de alimenta\u00e7\u00e3o, nos quais \u00e9 obrigat\u00f3rio ter conclu\u00eddo os programas promovidos pela Secretaria de Ind\u00fastria para participar da feira. Mais de 30 expositores tiveram a oportunidade de vender e expor seus produtos e servi\u00e7os, e expressaram sua satisfa\u00e7\u00e3o com os resultados obtidos.<\/p>\n\n\n\n<p>Al\u00e9m das atividades comerciais, a divers\u00e3o dos visitantes tamb\u00e9m foi garantida pela Secretaria de Cultura, que promoveu um bingo gratuito, permitindo que todos que prestigiaram o evento pudessem participar.<\/p>\n\n\n\n<p><em>Fonte: Divulga\u00e7\u00e3o PMTB.<\/em><\/p>\n","protected":false},"excerpt":{"rendered":"<div class=\"mh-excerpt\"><p>O \u201cArrai\u00e1 da Feira da Lua\u201d foi realizado nos dias 4, 6 e 7 deste m\u00eas, no Terminal Rodovi\u00e1rio, atraindo um grande n\u00famero de pessoas <a class=\"mh-excerpt-more\" href=\"https:\/\/interessatb.com.br\/?p=2488\" title=\"&#8220;Arrai\u00e1 da Feira da Lua\u201d atrai e impulsiona neg\u00f3cios de pequenos empreendedores locais\">[&#8230;]<\/a><\/p>\n<\/div>","protected":false},"author":1,"featured_media":2489,"comment_status":"closed","ping_status":"closed","sticky":false,"template":"","format":"standard","meta":{"footnotes":""},"categories":[2,20],"tags":[],"class_list":["post-2488","post","type-post","status-publish","format-standard","has-post-thumbnail","hentry","category-cidade","category-industria-e-comercio"],"_links":{"self":[{"href":"https:\/\/interessatb.com.br\/index.php?rest_route=\/wp\/v2\/posts\/2488","targetHints":{"allow":["GET"]}}],"collection":[{"href":"https:\/\/interessatb.com.br\/index.php?rest_route=\/wp\/v2\/posts"}],"about":[{"href":"https:\/\/interessatb.com.br\/index.php?rest_route=\/wp\/v2\/types\/post"}],"author":[{"embeddable":true,"href":"https:\/\/interessatb.com.br\/index.php?rest_route=\/wp\/v2\/users\/1"}],"replies":[{"embeddable":true,"href":"https:\/\/interessatb.com.br\/index.php?rest_route=%2Fwp%2Fv2%2Fcomments&post=2488"}],"version-history":[{"count":2,"href":"https:\/\/interessatb.com.br\/index.php?rest_route=\/wp\/v2\/posts\/2488\/revisions"}],"predecessor-version":[{"id":2491,"href":"https:\/\/interessatb.com.br\/index.php?rest_route=\/wp\/v2\/posts\/2488\/revisions\/2491"}],"wp:featuredmedia":[{"embeddable":true,"href":"https:\/\/interessatb.com.br\/index.php?rest_route=\/wp\/v2\/media\/2489"}],"wp:attachment":[{"href":"https:\/\/interessatb.com.br\/index.php?rest_route=%2Fwp%2Fv2%2Fmedia&parent=2488"}],"wp:term":[{"taxonomy":"category","embeddable":true,"href":"https:\/\/interessatb.com.br\/index.php?rest_route=%2Fwp%2Fv2%2Fcategories&post=2488"},{"taxonomy":"post_tag","embeddable":true,"href":"https:\/\/interessatb.com.br\/index.php?rest_route=%2Fwp%2Fv2%2Ftags&post=2488"}],"curies":[{"name":"wp","href":"https:\/\/api.w.org\/{rel}","templated":true}]}}