{"id":2505,"date":"2023-07-25T07:15:39","date_gmt":"2023-07-25T10:15:39","guid":{"rendered":"https:\/\/interessatb.com.br\/?p=2505"},"modified":"2023-07-25T07:15:39","modified_gmt":"2023-07-25T10:15:39","slug":"cultura-de-tibagi-certifica-artistas-por-exposicao-no-museu","status":"publish","type":"post","link":"https:\/\/interessatb.com.br\/?p=2505","title":{"rendered":"Cultura de Tibagi certifica artistas por exposi\u00e7\u00e3o no museu"},"content":{"rendered":"\n<p>Trabalhos ficaram expostos nos \u00faltimos meses como forma de participa\u00e7\u00e3o do mun\u00edcipio na 21\u00aa Semana Nacional dos Museus. Certifica\u00e7\u00e3o foi uma forma de valorizar os artistas locais e despertar nos alunos que participaram a import\u00e2ncia da cultura na forma\u00e7\u00e3o humana.<\/p>\n\n\n\n<p>A Prefeitura de Tibagi, atrav\u00e9s da Secretaria de Educa\u00e7\u00e3o e Cultura (SEMEC), realizou na \u00faltima semana uma pequena cerim\u00f4nia no Museu Hist\u00f3rico Des. Edmundo Mercer J\u00fanior. O motivo: certificar artistas tibagianos pelo seu talento.<\/p>\n\n\n\n<p><strong>Veja tamb\u00e9m<\/strong><\/p>\n\n\n\n<p><a href=\"https:\/\/interessatb.com.br\/?p=2488\">\u201cArrai\u00e1 da Feira da Lua\u201d atrai e impulsiona neg\u00f3cios de pequenos empreendedores locais<\/a><\/p>\n\n\n\n<p><a href=\"https:\/\/interessatb.com.br\/?p=2403\">Come\u00e7a hoje a Semana Nacional de Museus. Tel\u00eamaco Borba participar\u00e1 com diversas de atividades culturais<\/a><\/p>\n\n\n\n<p>O diretor do museu de Tibagi, Nery Assun\u00e7\u00e3o, montou uma exposi\u00e7\u00e3o apenas com obras de artistas do munic\u00edpio. Isso foi feito como forma de participa\u00e7\u00e3o na 21\u00aa Semana Nacional dos Museus, que teve como tema \u201cMuseus, Sustentabilidade e Bem-Estar\u201d.<\/p>\n\n\n\n<p>Essa a\u00e7\u00e3o teve como objetivo n\u00e3o s\u00f3 valorizar os artistas locais, j\u00e1 que diversas pessoas que visitaram o museu de diversas regi\u00f5es do Brasil, como Par\u00e1 e Tocantins, consumiram a arte dos tibagianos. Al\u00e9m disso, os alunos da Casa da Cultura Peter Allan, tamb\u00e9m puderam expor suas obras e isso valoriza a import\u00e2ncia da cultura na forma\u00e7\u00e3o humana.<\/p>\n\n\n\n<p><em>Fonte: Assessoria de Comunica\u00e7\u00e3o de Tibagi.<\/em><\/p>\n","protected":false},"excerpt":{"rendered":"<div class=\"mh-excerpt\"><p>Trabalhos ficaram expostos nos \u00faltimos meses como forma de participa\u00e7\u00e3o do mun\u00edcipio na 21\u00aa Semana Nacional dos Museus. Certifica\u00e7\u00e3o foi uma forma de valorizar os <a class=\"mh-excerpt-more\" href=\"https:\/\/interessatb.com.br\/?p=2505\" title=\"Cultura de Tibagi certifica artistas por exposi\u00e7\u00e3o no museu\">[&#8230;]<\/a><\/p>\n<\/div>","protected":false},"author":1,"featured_media":2506,"comment_status":"closed","ping_status":"closed","sticky":false,"template":"","format":"standard","meta":{"footnotes":""},"categories":[19,14],"tags":[],"class_list":["post-2505","post","type-post","status-publish","format-standard","has-post-thumbnail","hentry","category-cultura","category-regiao"],"_links":{"self":[{"href":"https:\/\/interessatb.com.br\/index.php?rest_route=\/wp\/v2\/posts\/2505","targetHints":{"allow":["GET"]}}],"collection":[{"href":"https:\/\/interessatb.com.br\/index.php?rest_route=\/wp\/v2\/posts"}],"about":[{"href":"https:\/\/interessatb.com.br\/index.php?rest_route=\/wp\/v2\/types\/post"}],"author":[{"embeddable":true,"href":"https:\/\/interessatb.com.br\/index.php?rest_route=\/wp\/v2\/users\/1"}],"replies":[{"embeddable":true,"href":"https:\/\/interessatb.com.br\/index.php?rest_route=%2Fwp%2Fv2%2Fcomments&post=2505"}],"version-history":[{"count":1,"href":"https:\/\/interessatb.com.br\/index.php?rest_route=\/wp\/v2\/posts\/2505\/revisions"}],"predecessor-version":[{"id":2507,"href":"https:\/\/interessatb.com.br\/index.php?rest_route=\/wp\/v2\/posts\/2505\/revisions\/2507"}],"wp:featuredmedia":[{"embeddable":true,"href":"https:\/\/interessatb.com.br\/index.php?rest_route=\/wp\/v2\/media\/2506"}],"wp:attachment":[{"href":"https:\/\/interessatb.com.br\/index.php?rest_route=%2Fwp%2Fv2%2Fmedia&parent=2505"}],"wp:term":[{"taxonomy":"category","embeddable":true,"href":"https:\/\/interessatb.com.br\/index.php?rest_route=%2Fwp%2Fv2%2Fcategories&post=2505"},{"taxonomy":"post_tag","embeddable":true,"href":"https:\/\/interessatb.com.br\/index.php?rest_route=%2Fwp%2Fv2%2Ftags&post=2505"}],"curies":[{"name":"wp","href":"https:\/\/api.w.org\/{rel}","templated":true}]}}