{"id":2511,"date":"2023-07-27T07:37:00","date_gmt":"2023-07-27T10:37:00","guid":{"rendered":"https:\/\/interessatb.com.br\/?p=2511"},"modified":"2023-07-27T07:37:00","modified_gmt":"2023-07-27T10:37:00","slug":"artistas-de-telemaco-borba-sao-premiados-no-festival-de-inverno-dos-campos-gerais","status":"publish","type":"post","link":"https:\/\/interessatb.com.br\/?p=2511","title":{"rendered":"Artistas de Tel\u00eamaco Borba s\u00e3o premiados no Festival de Inverno dos Campos Gerais"},"content":{"rendered":"\n<p>O Festival de Inverno dos Campos Gerais, organizado da Prefeitura de Ponta Grossa, atrav\u00e9s das Secretarias Municipais de Turismo e Cultura, com apoio da Associa\u00e7\u00e3o dos Munic\u00edpios dos Campos Gerais (AMCG) contou com a participa\u00e7\u00e3o de sete artistas de Tel\u00eamaco Borba.<\/p>\n\n\n\n<p>A competi\u00e7\u00e3o reuniu talentos de diversos munic\u00edpios da regi\u00e3o, como Arapoti, Carambe\u00ed, Castro, Ortigueira, Pira\u00ed do Sul, S\u00e3o Jo\u00e3o do Triunfo, Tel\u00eamaco Borba e Ventania. As apresenta\u00e7\u00f5es foram marcadas por muito talento e paix\u00e3o pela m\u00fasica sertaneja, estimulando e valorizando os artistas locais. <\/p>\n\n\n\n<p><strong>Veja tamb\u00e9m<\/strong><\/p>\n\n\n\n<p><a href=\"https:\/\/interessatb.com.br\/?p=2505\">Cultura de Tibagi certifica artistas por exposi\u00e7\u00e3o no museu<\/a><\/p>\n\n\n\n<p><a href=\"https:\/\/interessatb.com.br\/?p=2488\">\u201cArrai\u00e1 da Feira da Lua\u201d atrai e impulsiona neg\u00f3cios de pequenos empreendedores locais<\/a><\/p>\n\n\n\n<p>Aline Bahr, Rodrigo e Rafael e Wilian e Diego trouxeram o Pr\u00eamio Supera\u00e7\u00e3o e os primeiros lugares na categoria Sertanejo Autoral para Tel\u00eamaco Borba. O evento foi dividido em tr\u00eas categorias: sertanejo autoral, sertanejo raiz e sertanejo universit\u00e1rio, e aconteceu nos dias \u00a022 e 23 deste m\u00eas, nas depend\u00eancias do Centro de Eventos de Ponta Grossa.<\/p>\n\n\n<div class=\"wp-block-image\">\n<figure class=\"alignleft size-full is-resized\"><img loading=\"lazy\" decoding=\"async\" src=\"https:\/\/interessatb.com.br\/wp-content\/uploads\/2023\/07\/Festival-Campos-Gerais-2.jpg\" alt=\"\" class=\"wp-image-2515\" width=\"412\" height=\"422\" srcset=\"https:\/\/interessatb.com.br\/wp-content\/uploads\/2023\/07\/Festival-Campos-Gerais-2.jpg 697w, https:\/\/interessatb.com.br\/wp-content\/uploads\/2023\/07\/Festival-Campos-Gerais-2-293x300.jpg 293w\" sizes=\"auto, (max-width: 412px) 100vw, 412px\" \/><\/figure>\n<\/div>\n\n\n<p>Os premiados foram: Sertanejo Autoral, 1\u00aa lugar: Willian e Diego (Tel\u00eamaco Borba); 2\u00aa lugar: Rodrigo e Rafael (Tel\u00eamaco Borba); e o 3\u00aa lugar: Lairton Pira\u00ed (Pira\u00ed do Sul);\u00a0Pr\u00eamio Supera\u00e7\u00e3o, Aline Bahr (Tel\u00eamaco Borba); Pr\u00eamio Revela\u00e7\u00e3o, Tiago Reis e Cristiano (Castro); Melhor Caracteriza\u00e7\u00e3o, Let\u00edcia da Viola (Jaguaria\u00edva);  Sertanejo Universit\u00e1rio, 1\u00aa lugar: Tiago Reis e Cristiano (Castro); 2\u00aa lugar: Luana Dias (Castro); 3\u00aalugar: Rudson Puchta (Ponta Grossa), Sertanejo Raiz; 1\u00aa lugar: Jefferson Rocha (Pira\u00ed do Sul), 2\u00aa lugar: Mineiro e Cleiton Viola (Pira\u00ed do Sul); 3\u00aa lugar: Rudson e Iber (Ponta Grossa).<\/p>\n\n\n\n<p>Os primeiros colocados no Concurso de M\u00fasica Sertaneja do Festival de Inverno 2023 receberam um pr\u00eamio de R$ 4 mil, os segundos colocados foram premiados com R$ 2 mil, e os terceiros colocados receberam R$ 1 mil, al\u00e9m de trof\u00e9us.<\/p>\n\n\n\n<p><em>Fonte: Assessoria PMTB com AMCG<\/em><\/p>\n","protected":false},"excerpt":{"rendered":"<div class=\"mh-excerpt\"><p>O Festival de Inverno dos Campos Gerais, organizado da Prefeitura de Ponta Grossa, atrav\u00e9s das Secretarias Municipais de Turismo e Cultura, com apoio da Associa\u00e7\u00e3o <a class=\"mh-excerpt-more\" href=\"https:\/\/interessatb.com.br\/?p=2511\" title=\"Artistas de Tel\u00eamaco Borba s\u00e3o premiados no Festival de Inverno dos Campos Gerais\">[&#8230;]<\/a><\/p>\n<\/div>","protected":false},"author":1,"featured_media":2514,"comment_status":"closed","ping_status":"closed","sticky":false,"template":"","format":"standard","meta":{"footnotes":""},"categories":[2,19,14],"tags":[],"class_list":["post-2511","post","type-post","status-publish","format-standard","has-post-thumbnail","hentry","category-cidade","category-cultura","category-regiao"],"_links":{"self":[{"href":"https:\/\/interessatb.com.br\/index.php?rest_route=\/wp\/v2\/posts\/2511","targetHints":{"allow":["GET"]}}],"collection":[{"href":"https:\/\/interessatb.com.br\/index.php?rest_route=\/wp\/v2\/posts"}],"about":[{"href":"https:\/\/interessatb.com.br\/index.php?rest_route=\/wp\/v2\/types\/post"}],"author":[{"embeddable":true,"href":"https:\/\/interessatb.com.br\/index.php?rest_route=\/wp\/v2\/users\/1"}],"replies":[{"embeddable":true,"href":"https:\/\/interessatb.com.br\/index.php?rest_route=%2Fwp%2Fv2%2Fcomments&post=2511"}],"version-history":[{"count":3,"href":"https:\/\/interessatb.com.br\/index.php?rest_route=\/wp\/v2\/posts\/2511\/revisions"}],"predecessor-version":[{"id":2516,"href":"https:\/\/interessatb.com.br\/index.php?rest_route=\/wp\/v2\/posts\/2511\/revisions\/2516"}],"wp:featuredmedia":[{"embeddable":true,"href":"https:\/\/interessatb.com.br\/index.php?rest_route=\/wp\/v2\/media\/2514"}],"wp:attachment":[{"href":"https:\/\/interessatb.com.br\/index.php?rest_route=%2Fwp%2Fv2%2Fmedia&parent=2511"}],"wp:term":[{"taxonomy":"category","embeddable":true,"href":"https:\/\/interessatb.com.br\/index.php?rest_route=%2Fwp%2Fv2%2Fcategories&post=2511"},{"taxonomy":"post_tag","embeddable":true,"href":"https:\/\/interessatb.com.br\/index.php?rest_route=%2Fwp%2Fv2%2Ftags&post=2511"}],"curies":[{"name":"wp","href":"https:\/\/api.w.org\/{rel}","templated":true}]}}