{"id":2521,"date":"2023-07-27T07:57:51","date_gmt":"2023-07-27T10:57:51","guid":{"rendered":"https:\/\/interessatb.com.br\/?p=2521"},"modified":"2023-07-27T07:57:51","modified_gmt":"2023-07-27T10:57:51","slug":"prefeitura-divulga-edital-de-abertura-para-concurso-publico","status":"publish","type":"post","link":"https:\/\/interessatb.com.br\/?p=2521","title":{"rendered":"Prefeitura divulga edital de abertura para Concurso P\u00fablico"},"content":{"rendered":"\n<p>O prefeito Dr. Marcio Matos assinou nesta ter\u00e7a-feira (25) o Edital de Abertura do Concurso P\u00fablico n\u00ba 01\/2023, sob o regime estatut\u00e1rio, para o provimento de vagas do quadro pessoal do munic\u00edpio.<\/p>\n\n\n\n<p>A assinatura contou com a presen\u00e7a da vice-prefeita Rita Mara de Paula Ara\u00fajo, dos secret\u00e1rios de Gabinete Rubens Benck, de Administra\u00e7\u00e3o Izomar Pucci e da servidora J\u00e9ssica Barros.<\/p>\n\n\n\n<p>O edital foi publicado no Boletim Oficial, n\u00ba 2192, de 25 de julho de 2023.<\/p>\n\n\n\n<p><strong>Veja tamb\u00e9m<\/strong><\/p>\n\n\n\n<p><a href=\"https:\/\/interessatb.com.br\/?p=2511\">Artistas de Tel\u00eamaco Borba s\u00e3o premiados no Festival de Inverno dos Campos Gerais<\/a><\/p>\n\n\n\n<p><a href=\"https:\/\/interessatb.com.br\/?p=2461\">A Feira do Bem apresenta mudan\u00e7as na coleta de recicl\u00e1veis, a partir deste m\u00eas de julho<\/a><\/p>\n\n\n\n<p>As inscri\u00e7\u00f5es ser\u00e3o a partir das 8 horas do dia 31 de julho at\u00e9 \u00e0s 23h59 do dia 30 de agosto, por meio <a href=\"http:\/\/www.fundacaofafipa.org.br\/informacoes\/3880\/\">deste link<\/a>. A taxa de inscri\u00e7\u00e3o \u00e9 de R$ 50,00 para cargos de n\u00edvel fundamental, R$ 70,00 para n\u00edvel m\u00e9dio e R$ 100,00 para n\u00edvel superior.<\/p>\n\n\n\n<p>O Concurso ter\u00e1 prazo de validade de dois anos, a contar da data de homologa\u00e7\u00e3o do resultado final, podendo ser prorrogado por igual per\u00edodo a crit\u00e9rio da Administra\u00e7\u00e3o P\u00fablica Municipal.<\/p>\n\n\n\n<p>A prova est\u00e1 programada para o dia 1\u00ba de outubro e o edital completo pode ser acessado no boletim oficial do munic\u00edpio de n\u00ba 2192, <a href=\"http:\/\/www.telemacoborba.pr.gov.br\/informacoes\/boletim-oficial\/18778-edicao-2192.html\">aqui.<\/a><\/p>\n","protected":false},"excerpt":{"rendered":"<div class=\"mh-excerpt\"><p>O prefeito Dr. Marcio Matos assinou nesta ter\u00e7a-feira (25) o Edital de Abertura do Concurso P\u00fablico n\u00ba 01\/2023, sob o regime estatut\u00e1rio, para o provimento <a class=\"mh-excerpt-more\" href=\"https:\/\/interessatb.com.br\/?p=2521\" title=\"Prefeitura divulga edital de abertura para Concurso P\u00fablico\">[&#8230;]<\/a><\/p>\n<\/div>","protected":false},"author":1,"featured_media":2522,"comment_status":"closed","ping_status":"closed","sticky":false,"template":"","format":"standard","meta":{"footnotes":""},"categories":[2],"tags":[],"class_list":["post-2521","post","type-post","status-publish","format-standard","has-post-thumbnail","hentry","category-cidade"],"_links":{"self":[{"href":"https:\/\/interessatb.com.br\/index.php?rest_route=\/wp\/v2\/posts\/2521","targetHints":{"allow":["GET"]}}],"collection":[{"href":"https:\/\/interessatb.com.br\/index.php?rest_route=\/wp\/v2\/posts"}],"about":[{"href":"https:\/\/interessatb.com.br\/index.php?rest_route=\/wp\/v2\/types\/post"}],"author":[{"embeddable":true,"href":"https:\/\/interessatb.com.br\/index.php?rest_route=\/wp\/v2\/users\/1"}],"replies":[{"embeddable":true,"href":"https:\/\/interessatb.com.br\/index.php?rest_route=%2Fwp%2Fv2%2Fcomments&post=2521"}],"version-history":[{"count":1,"href":"https:\/\/interessatb.com.br\/index.php?rest_route=\/wp\/v2\/posts\/2521\/revisions"}],"predecessor-version":[{"id":2523,"href":"https:\/\/interessatb.com.br\/index.php?rest_route=\/wp\/v2\/posts\/2521\/revisions\/2523"}],"wp:featuredmedia":[{"embeddable":true,"href":"https:\/\/interessatb.com.br\/index.php?rest_route=\/wp\/v2\/media\/2522"}],"wp:attachment":[{"href":"https:\/\/interessatb.com.br\/index.php?rest_route=%2Fwp%2Fv2%2Fmedia&parent=2521"}],"wp:term":[{"taxonomy":"category","embeddable":true,"href":"https:\/\/interessatb.com.br\/index.php?rest_route=%2Fwp%2Fv2%2Fcategories&post=2521"},{"taxonomy":"post_tag","embeddable":true,"href":"https:\/\/interessatb.com.br\/index.php?rest_route=%2Fwp%2Fv2%2Ftags&post=2521"}],"curies":[{"name":"wp","href":"https:\/\/api.w.org\/{rel}","templated":true}]}}