{"id":2541,"date":"2023-08-10T10:25:44","date_gmt":"2023-08-10T13:25:44","guid":{"rendered":"https:\/\/interessatb.com.br\/?p=2541"},"modified":"2023-08-10T10:27:28","modified_gmt":"2023-08-10T13:27:28","slug":"a-sanepar-informa-cancelamento-da-parada-programada-do-abastecimento-nesta-quinta-feira-10","status":"publish","type":"post","link":"https:\/\/interessatb.com.br\/?p=2541","title":{"rendered":"A Sanepar informa cancelamento da parada programada do abastecimento nesta quinta-feira, 10"},"content":{"rendered":"\n<p>A Sanepar informa que est\u00e1 cancelada a parada no abastecimento programada para quinta-feira (10) em toda Tel\u00eamaco Borba. No entanto a empresa esclarece a parada de energia n\u00e3o seria em todo o munic\u00edpio, e sim onde est\u00e1 a esta\u00e7\u00e3o da Sanepar.<\/p>\n\n\n\n<p>Para consultar esta e outras informa\u00e7\u00f5es, use o aplicativo para celular Sanepar Mobile ou acesse sempre o site da Sanepar:&nbsp;<a href=\"http:\/\/www.sanepar.com.br\/\" target=\"_blank\" rel=\"noreferrer noopener\">www.sanepar.com.br<\/a>&nbsp;.<\/p>\n\n\n\n<p><em>Fonte &#8211; Assessoria de Imprensa da Sanepar &#8211; Companhia de Saneamento do Paran\u00e1.<\/em><\/p>\n","protected":false},"excerpt":{"rendered":"<div class=\"mh-excerpt\"><p>A Sanepar informa que est\u00e1 cancelada a parada no abastecimento programada para quinta-feira (10) em toda Tel\u00eamaco Borba. No entanto a empresa esclarece a parada <a class=\"mh-excerpt-more\" href=\"https:\/\/interessatb.com.br\/?p=2541\" title=\"A Sanepar informa cancelamento da parada programada do abastecimento nesta quinta-feira, 10\">[&#8230;]<\/a><\/p>\n<\/div>","protected":false},"author":1,"featured_media":2054,"comment_status":"closed","ping_status":"closed","sticky":false,"template":"","format":"standard","meta":{"footnotes":""},"categories":[2],"tags":[],"class_list":["post-2541","post","type-post","status-publish","format-standard","has-post-thumbnail","hentry","category-cidade"],"_links":{"self":[{"href":"https:\/\/interessatb.com.br\/index.php?rest_route=\/wp\/v2\/posts\/2541","targetHints":{"allow":["GET"]}}],"collection":[{"href":"https:\/\/interessatb.com.br\/index.php?rest_route=\/wp\/v2\/posts"}],"about":[{"href":"https:\/\/interessatb.com.br\/index.php?rest_route=\/wp\/v2\/types\/post"}],"author":[{"embeddable":true,"href":"https:\/\/interessatb.com.br\/index.php?rest_route=\/wp\/v2\/users\/1"}],"replies":[{"embeddable":true,"href":"https:\/\/interessatb.com.br\/index.php?rest_route=%2Fwp%2Fv2%2Fcomments&post=2541"}],"version-history":[{"count":3,"href":"https:\/\/interessatb.com.br\/index.php?rest_route=\/wp\/v2\/posts\/2541\/revisions"}],"predecessor-version":[{"id":2544,"href":"https:\/\/interessatb.com.br\/index.php?rest_route=\/wp\/v2\/posts\/2541\/revisions\/2544"}],"wp:featuredmedia":[{"embeddable":true,"href":"https:\/\/interessatb.com.br\/index.php?rest_route=\/wp\/v2\/media\/2054"}],"wp:attachment":[{"href":"https:\/\/interessatb.com.br\/index.php?rest_route=%2Fwp%2Fv2%2Fmedia&parent=2541"}],"wp:term":[{"taxonomy":"category","embeddable":true,"href":"https:\/\/interessatb.com.br\/index.php?rest_route=%2Fwp%2Fv2%2Fcategories&post=2541"},{"taxonomy":"post_tag","embeddable":true,"href":"https:\/\/interessatb.com.br\/index.php?rest_route=%2Fwp%2Fv2%2Ftags&post=2541"}],"curies":[{"name":"wp","href":"https:\/\/api.w.org\/{rel}","templated":true}]}}