{"id":2546,"date":"2023-08-23T08:13:27","date_gmt":"2023-08-23T11:13:27","guid":{"rendered":"https:\/\/interessatb.com.br\/?p=2546"},"modified":"2023-10-13T10:28:03","modified_gmt":"2023-10-13T13:28:03","slug":"inovacao-aplicada-para-negocios-e-tema-da-2a-edicao-do-inova-talk","status":"publish","type":"post","link":"https:\/\/interessatb.com.br\/?p=2546","title":{"rendered":"Inova\u00e7\u00e3o aplicada para neg\u00f3cios \u00e9 tema da 2\u00aa edi\u00e7\u00e3o do Inova Talk"},"content":{"rendered":"\n<p>O evento aconteceu nesta ter\u00e7a-feira, 22, na ACITEL. Esta segunda edi\u00e7\u00e3o oportunizou para as startups que participam do programa de acelera\u00e7\u00e3o do Cidade Inova apresentarem seus projetos ao p\u00fablico presente.<\/p>\n\n\n\n<p>Este \u00e9 o segundo evento de inova\u00e7\u00e3o promovido pela Aceleradora de Startups Cidade Inova, da prefeitura de Tel\u00eamaco Borba. O anterior ocorreu neste mesmo ano, em mar\u00e7o. Cidade Inova tem como miss\u00e3o apoiar o desenvolvimento de neg\u00f3cios inovadores de alto impacto no munic\u00edpio. Possui como vis\u00e3o, transformar a cultura da sociedade civil inserindo a inova\u00e7\u00e3o como condutor no desenvolvimento econ\u00f4mico, social e ambiental.<\/p>\n\n\n\n<p>Participaram desta edi\u00e7\u00e3o a empresa reservense EXI Sistemas, a empresa Vale do Tibagi, o Instituto Federal do Paran\u00e1, al\u00e9m das startups OdiN, Apoema, e foi apresentada a ideia de um produto inovador para drinks, de projeto local, j\u00e1 em fase de valida\u00e7\u00e3o pelo mercado.<\/p>\n\n\n\n<p>Para Marcos Gunha, CEO da empresa, s\u00f3 se destaca no mercado profissionais e empresas que entregam sempre mais do que \u00e9 esperado, surpreendendo o cliente. Marcos apresentou o portf\u00f3lio de solu\u00e7\u00f5es para gest\u00e3o empresarial da EXI Sistemas.<\/p>\n\n\n\n<p><strong>Veja tamb\u00e9m<\/strong><\/p>\n\n\n\n<p><a href=\"https:\/\/interessatb.com.br\/?p=2420\">Incubadora Tecnol\u00f3gica \u00e9 inaugurada em Tel\u00eamaco Borba<\/a><\/p>\n\n\n\n<p><a href=\"https:\/\/interessatb.com.br\/?p=1450\">Polo Digital Gralha Azul \u00e9 criado com o prop\u00f3sito de fortalecer neg\u00f3cios da \u00e1rea tecnol\u00f3gica na regi\u00e3o<\/a><\/p>\n\n\n\n<p>A Vale do Tibagi, representada por Iria Antunes Malinowski, apresentou o conjunto de solu\u00e7\u00f5es tecnol\u00f3gicas empregados pela empresa para gerir a log\u00edstica de seus empreendimentos. Conforme afirmou Iria, se a Vale do Tibagi n\u00e3o tivesse investido em tecnologia em seus neg\u00f3cios, dificilmente permaneceria vi\u00e1vel em seu mercado de atua\u00e7\u00e3o.<\/p>\n\n\n\n<p>O Instituto Federal do Paran\u00e1, Campus de Tel\u00eamaco Borba apresentou sua rec\u00e9m-lan\u00e7ada Incubadora de Empresas, que oportunizar\u00e1 por meio de editais, o apoio a alunos, servidores do instituto, al\u00e9m de atender toda a comunidade que desejem desenvolver uma ideia inovadora. Segundo a Dra. Natara Duane Borges de Castilhos, coordenadora da incubadora, o primeiro edital ser\u00e1 publicado ainda neste m\u00eas de agosto.<\/p>\n\n\n\n<p>A startup OdiN apresentou sua solu\u00e7\u00e3o para digitaliza\u00e7\u00e3o e armazenamento, que agiliza o tempo de acesso pela organiza\u00e7\u00e3o inteligente de documentos, al\u00e9m de notifica\u00e7\u00f5es de data de validade. <\/p>\n\n\n\n<p>A startup Apoema apresentou uma solu\u00e7\u00e3o para pais que n\u00e3o tem onde deixar os filhos com seguran\u00e7a durante o trabalho, com um &#8216;hotel&#8217; que acolhe e cuida das crian\u00e7as e ao mesmo tempo proporciona atividades de entretenimento organizadas pedagogicamente, isentas de aparatos digitais.<\/p>\n\n\n\n<p>Para Jo\u00e3o Pedro Germiniano, que representou a Aceleradora Cidade Inova, a promo\u00e7\u00e3o de eventos como o Inova Talks possibilitam \u00e0s startups expor seus projetos \u00e0 comunidade. &#8220;N\u00f3s tamb\u00e9m atuamos como incubadora, assim como o IFPR, mas n\u00e3o disputando espa\u00e7o. na verdade somos complementares e parceiros, sendo que as startups incubadas tanto do IFPR quanto na Cidade Inova s\u00e3o atendidas em parceria. E ambas poder\u00e3o usufruir da estrutura de acelera\u00e7\u00e3o dos neg\u00f3cios que a Cidade Inova oferece.&#8221;<\/p>\n","protected":false},"excerpt":{"rendered":"<div class=\"mh-excerpt\"><p>O evento aconteceu nesta ter\u00e7a-feira, 22, na ACITEL. Esta segunda edi\u00e7\u00e3o oportunizou para as startups que participam do programa de acelera\u00e7\u00e3o do Cidade Inova apresentarem <a class=\"mh-excerpt-more\" href=\"https:\/\/interessatb.com.br\/?p=2546\" title=\"Inova\u00e7\u00e3o aplicada para neg\u00f3cios \u00e9 tema da 2\u00aa edi\u00e7\u00e3o do Inova Talk\">[&#8230;]<\/a><\/p>\n<\/div>","protected":false},"author":1,"featured_media":2547,"comment_status":"closed","ping_status":"closed","sticky":false,"template":"","format":"standard","meta":{"footnotes":""},"categories":[2,20],"tags":[],"class_list":["post-2546","post","type-post","status-publish","format-standard","has-post-thumbnail","hentry","category-cidade","category-industria-e-comercio"],"_links":{"self":[{"href":"https:\/\/interessatb.com.br\/index.php?rest_route=\/wp\/v2\/posts\/2546","targetHints":{"allow":["GET"]}}],"collection":[{"href":"https:\/\/interessatb.com.br\/index.php?rest_route=\/wp\/v2\/posts"}],"about":[{"href":"https:\/\/interessatb.com.br\/index.php?rest_route=\/wp\/v2\/types\/post"}],"author":[{"embeddable":true,"href":"https:\/\/interessatb.com.br\/index.php?rest_route=\/wp\/v2\/users\/1"}],"replies":[{"embeddable":true,"href":"https:\/\/interessatb.com.br\/index.php?rest_route=%2Fwp%2Fv2%2Fcomments&post=2546"}],"version-history":[{"count":4,"href":"https:\/\/interessatb.com.br\/index.php?rest_route=\/wp\/v2\/posts\/2546\/revisions"}],"predecessor-version":[{"id":2552,"href":"https:\/\/interessatb.com.br\/index.php?rest_route=\/wp\/v2\/posts\/2546\/revisions\/2552"}],"wp:featuredmedia":[{"embeddable":true,"href":"https:\/\/interessatb.com.br\/index.php?rest_route=\/wp\/v2\/media\/2547"}],"wp:attachment":[{"href":"https:\/\/interessatb.com.br\/index.php?rest_route=%2Fwp%2Fv2%2Fmedia&parent=2546"}],"wp:term":[{"taxonomy":"category","embeddable":true,"href":"https:\/\/interessatb.com.br\/index.php?rest_route=%2Fwp%2Fv2%2Fcategories&post=2546"},{"taxonomy":"post_tag","embeddable":true,"href":"https:\/\/interessatb.com.br\/index.php?rest_route=%2Fwp%2Fv2%2Ftags&post=2546"}],"curies":[{"name":"wp","href":"https:\/\/api.w.org\/{rel}","templated":true}]}}