{"id":2556,"date":"2023-09-02T06:47:28","date_gmt":"2023-09-02T09:47:28","guid":{"rendered":"https:\/\/interessatb.com.br\/?p=2556"},"modified":"2024-02-25T12:03:02","modified_gmt":"2024-02-25T15:03:02","slug":"a-importancia-de-se-estruturar-o-ecossistema-de-inovacao-em-telemaco-borba","status":"publish","type":"post","link":"https:\/\/interessatb.com.br\/?p=2556","title":{"rendered":"A import\u00e2ncia de se estruturar o Ecossistema de Inova\u00e7\u00e3o em Tel\u00eamaco Borba"},"content":{"rendered":"<div class=\"wp-block-image is-style-rounded\">\n<figure class=\"alignleft size-full is-resized\"><img loading=\"lazy\" decoding=\"async\" width=\"548\" height=\"575\" src=\"http:\/\/interessatb.com.br\/wp-content\/uploads\/2021\/09\/Celso-de-Oliveira-Mercury.jpg\" alt=\"\" class=\"wp-image-1195\" style=\"width:82px;height:86px\"\/><\/figure>\n<\/div>\n\n\n<p>Celso de Oliveira* <sup data-fn=\"4f4efad3-9863-4597-97de-753ba3fbd729\" class=\"fn\"><a href=\"#4f4efad3-9863-4597-97de-753ba3fbd729\" id=\"4f4efad3-9863-4597-97de-753ba3fbd729-link\">1<\/a><\/sup><\/p>\n\n\n\n<p>A Humanidade passa por mais um momento \u00fanico de sua exist\u00eancia. Ap\u00f3s um avan\u00e7o significativo com o dom\u00ednio tecnol\u00f3gico da agricultura, onde o conhecimento acumulado era transmitido por n\u00facleos sociais como a fam\u00edlia, a igreja e a escola, n\u00f3s humanos experimentamos um salto nas rela\u00e7\u00f5es sociais e econ\u00f4micas a partir do per\u00edodo definido como Revolu\u00e7\u00e3o Industrial. Naquele per\u00edodo as f\u00e1bricas eram o motor econ\u00f4mico e de desenvolvimentos social. A informa\u00e7\u00e3o e o conhecimento passam a ser disseminados por outros meios como jornais, revistas, r\u00e1dio, televis\u00e3o e livros impressos. O progresso humano experimentado, com suas consequ\u00eancias positivas e efeitos indesejados reverberam at\u00e9 o presente.<\/p>\n\n\n\n<p>Mas o esp\u00edrito humano n\u00e3o se acomodou com as conquistas da Revolu\u00e7\u00e3o Industrial. Ao contr\u00e1rio vislumbrou novas oportunidades de prosperidade. A ci\u00eancia ent\u00e3o passa a entregar conhecimento, produtos e servi\u00e7os em escala jamais vista. O atual mundo tecnol\u00f3gico gera tanta informa\u00e7\u00e3o, disseminada rapidamente em rede e teoricamente acess\u00edvel a todos os seres humanos, que um novo grande ciclo \u00e9 experimentado pela Humanidade. J\u00e1 \u00e9 definido por muitos como a Sociedade do Conhecimento, uma sociedade amparada em tecnologia e informa\u00e7\u00e3o.<\/p>\n\n\n\n<p>O volume de dados gerados e acumulados, as informa\u00e7\u00f5es produzidas em escala vertiginosa, transferem a percep\u00e7\u00e3o de poder e valor que no in\u00edcio eram resultantes do ac\u00famulo de propriedades rurais, ou depois pela gera\u00e7\u00e3o de riquezas frutos do capital aplicado na produ\u00e7\u00e3o da ind\u00fastria, para a presente Sociedade do Conhecimento, onde o principal ativo \u00e9 o capital intelectual. Tanto a Agricultura quanto a Ind\u00fastria se beneficiam deste avan\u00e7o tecnol\u00f3gico e a dissemina\u00e7\u00e3o do conhecimento acontece em todas as \u00e1reas da sociedade, ainda que de forma desigual.<\/p>\n\n\n\n<p>Afinal, como preparar nossa sociedade para viver plenamente o atual momento? Certamente passa por capacitar a gera\u00e7\u00e3o atual e vindoura para este \u2018admir\u00e1vel mundo novo\u2019. Mundo que vive em rede, conectado. Se outrora era preciso muito estudo e ac\u00famulo de conhecimento no c\u00e9rebro, para aplicar quanto necess\u00e1rio, agora \u00e9 preciso saber onde o conhecimento est\u00e1 depositado e como encontr\u00e1-lo. Este novo paradigma, esta nova forma de pensar \u00e9 imposta dado o volume de informa\u00e7\u00e3o gerado diariamente pelos seres humanos. N\u00e3o h\u00e1 mais como saber tudo de tudo. S\u00e3o necess\u00e1rias habilidades e compet\u00eancias para saber buscar, filtrar, reconhecer o que faz sentido, o que \u00e9 ver\u00eddico, o que de fato \u00e9 importante em dado momento para uma determinada necessidade.<\/p>\n\n\n\n<p><strong>Veja tamb\u00e9m<\/strong><\/p>\n\n\n\n<p><a href=\"https:\/\/interessatb.com.br\/?p=187\">O empreendedorismo brasileiro e a educa\u00e7\u00e3o<\/a><\/p>\n\n\n\n<p><a href=\"https:\/\/interessatb.com.br\/?p=2496\">O futuro do mercado de trabalho e os novos desafios da educa\u00e7\u00e3o<\/a><\/p>\n\n\n\n<p>Um caminho j\u00e1 adotado por in\u00fameras regi\u00f5es ao redor do planeta, e caminho sem volta, \u00e9 a organiza\u00e7\u00e3o de entidades, empresas, governo, ag\u00eancias de fomento, institui\u00e7\u00f5es de ensino, de pesquisa e indiv\u00edduos interessados no bem comum, em torno de iniciativas que promovam a prosperidade fundada em ci\u00eancia, tecnologia e inova\u00e7\u00e3o. Iniciativas em torno de ecossistemas de inova\u00e7\u00e3o est\u00e3o acontecendo neste momento por todo o nosso pa\u00eds.<\/p>\n\n\n\n<p>Em nossa regi\u00e3o lideran\u00e7as constitu\u00eddas de atores institucionais dos mais diversos segmentos da sociedade, interessados no desenvolvimento socioecon\u00f4mico, organizaram-se em uma governan\u00e7a para fomentar, estabelecer e consolidar este ecossistema. O modelo adotado para que nenhum destes atores tivesse proemin\u00eancia sobre os demais, ou houvesse preju\u00edzo nas discuss\u00f5es, foi a institui\u00e7\u00e3o de um f\u00f3rum. \u00c9 um espa\u00e7o para debates e indica\u00e7\u00e3o de caminhos para o futuro regional, com horizonte de duas d\u00e9cadas a que chamamos \u2018Vis\u00e3o 2043\u2019, onde possamos consolidar a regi\u00e3o como refer\u00eancia em inova\u00e7\u00e3o e tecnologia em nosso estado e na\u00e7\u00e3o.<\/p>\n\n\n\n<p>O rec\u00e9m-criado F\u00f3rum de Ci\u00eancia, Tecnologia e Inova\u00e7\u00e3o de Tel\u00eamaco Borba, ConectTB, serve a este prop\u00f3sito. Nasce com o objetivo de promover o desenvolvimento socioecon\u00f4mico do munic\u00edpio de Tel\u00eamaco Borba, na busca do protagonismo em tecnologia e inova\u00e7\u00e3o desta regi\u00e3o no estado do Paran\u00e1, de forma a contribuir com a qualidade de vidas das pessoas que aqui vivem. \u00c0 nossa gera\u00e7\u00e3o cabe receber o bast\u00e3o de todo o conhecimento, riquezas e valores constru\u00eddos pelo pensamento humano at\u00e9 o presente e entregar para a pr\u00f3xima gera\u00e7\u00e3o um planeta e uma sociedade com melhores e mais justas condi\u00e7\u00f5es de vida do que recebemos.<\/p>\n\n\n\n<p><em>(*) Celso de Oliveira \u00e9 presidente do Polo Digital Gralha Azul e F\u00f3rum de Ci\u00eancia, Tecnologia e Inova\u00e7\u00e3o de Tel\u00eamaco Borba &#8211; PR. \u00c9 professor no Instituto Federal de Educa\u00e7\u00e3o do Paran\u00e1. Atuou em programas do Minist\u00e9rio da Educa\u00e7\u00e3o, foi conselheiro no Conselho Estadual de Educa\u00e7\u00e3o do Paran\u00e1 e presidente da UNDIME-PR. Desenvolve empreendimentos de TI, projetos, capacita\u00e7\u00f5es <em>e consultoria para pol\u00edticas educacionais<\/em><\/em>.<\/p>\n\n\n\n<hr class=\"wp-block-separator has-alpha-channel-opacity\"\/>\n\n\n<ol class=\"wp-block-footnotes\"><li id=\"4f4efad3-9863-4597-97de-753ba3fbd729\">CORDEIRO JUNIOR, Jos\u00e9 Ruiter. F\u00f3rum de Ci\u00eancia, Tecnologia e Inova\u00e7\u00e3o de Tel\u00eamaco Borba \u2013 PR: estrutura\u00e7\u00e3o e planejamento preliminar. Adaptado do artigo de introdu\u00e7\u00e3o de Celso de Olveira. Ebook ConecTB, agosto, 2023. <a href=\"#4f4efad3-9863-4597-97de-753ba3fbd729-link\" aria-label=\"Ir para a refer\u00eancia 1 na nota de rodap\u00e9\">\u21a9\ufe0e<\/a><\/li><\/ol>","protected":false},"excerpt":{"rendered":"<div class=\"mh-excerpt\"><p>Celso de Oliveira* A Humanidade passa por mais um momento \u00fanico de sua exist\u00eancia. Ap\u00f3s um avan\u00e7o significativo com o dom\u00ednio tecnol\u00f3gico da agricultura, onde <a class=\"mh-excerpt-more\" href=\"https:\/\/interessatb.com.br\/?p=2556\" title=\"A import\u00e2ncia de se estruturar o Ecossistema de Inova\u00e7\u00e3o em Tel\u00eamaco Borba\">[&#8230;]<\/a><\/p>\n<\/div>","protected":false},"author":1,"featured_media":2557,"comment_status":"closed","ping_status":"closed","sticky":false,"template":"","format":"standard","meta":{"footnotes":"[{\"content\":\"CORDEIRO JUNIOR, Jos\u00e9 Ruiter. F\u00f3rum de Ci\u00eancia, Tecnologia e Inova\u00e7\u00e3o de Tel\u00eamaco Borba \u2013 PR: estrutura\u00e7\u00e3o e planejamento preliminar. Adaptado do artigo de introdu\u00e7\u00e3o de Celso de Olveira. Ebook ConecTB, agosto, 2023.\",\"id\":\"4f4efad3-9863-4597-97de-753ba3fbd729\"}]"},"categories":[17,18,3],"tags":[],"class_list":["post-2556","post","type-post","status-publish","format-standard","has-post-thumbnail","hentry","category-colunista-celso-de-oliveira","category-ciencia-e-tecnologia","category-colunistas"],"_links":{"self":[{"href":"https:\/\/interessatb.com.br\/index.php?rest_route=\/wp\/v2\/posts\/2556","targetHints":{"allow":["GET"]}}],"collection":[{"href":"https:\/\/interessatb.com.br\/index.php?rest_route=\/wp\/v2\/posts"}],"about":[{"href":"https:\/\/interessatb.com.br\/index.php?rest_route=\/wp\/v2\/types\/post"}],"author":[{"embeddable":true,"href":"https:\/\/interessatb.com.br\/index.php?rest_route=\/wp\/v2\/users\/1"}],"replies":[{"embeddable":true,"href":"https:\/\/interessatb.com.br\/index.php?rest_route=%2Fwp%2Fv2%2Fcomments&post=2556"}],"version-history":[{"count":3,"href":"https:\/\/interessatb.com.br\/index.php?rest_route=\/wp\/v2\/posts\/2556\/revisions"}],"predecessor-version":[{"id":2722,"href":"https:\/\/interessatb.com.br\/index.php?rest_route=\/wp\/v2\/posts\/2556\/revisions\/2722"}],"wp:featuredmedia":[{"embeddable":true,"href":"https:\/\/interessatb.com.br\/index.php?rest_route=\/wp\/v2\/media\/2557"}],"wp:attachment":[{"href":"https:\/\/interessatb.com.br\/index.php?rest_route=%2Fwp%2Fv2%2Fmedia&parent=2556"}],"wp:term":[{"taxonomy":"category","embeddable":true,"href":"https:\/\/interessatb.com.br\/index.php?rest_route=%2Fwp%2Fv2%2Fcategories&post=2556"},{"taxonomy":"post_tag","embeddable":true,"href":"https:\/\/interessatb.com.br\/index.php?rest_route=%2Fwp%2Fv2%2Ftags&post=2556"}],"curies":[{"name":"wp","href":"https:\/\/api.w.org\/{rel}","templated":true}]}}