{"id":2574,"date":"2023-10-13T10:53:09","date_gmt":"2023-10-13T13:53:09","guid":{"rendered":"https:\/\/interessatb.com.br\/?p=2574"},"modified":"2024-01-17T08:50:34","modified_gmt":"2024-01-17T11:50:34","slug":"livro-o-caso-das-lantejoulas-vermelhas-sera-apresentado-no-sabado-14","status":"publish","type":"post","link":"https:\/\/interessatb.com.br\/?p=2574","title":{"rendered":"Livro \u201cO caso das lantejoulas vermelhas\u201d ser\u00e1 apresentado no s\u00e1bado, 14"},"content":{"rendered":"\n<p>A obra toda \u00e9 produzida por tel\u00eamaco-borbenses e tem como cen\u00e1rio os pontos tur\u00edsticos de nossa regi\u00e3o e \u00e9 direcionada ao p\u00fablico infantil.<\/p>\n\n\n\n<p>&#8220;O caso das lantejoulas vermelhas&#8221; ser\u00e1 apresentado no I Encontro Liter\u00e1rio da Academia de Letras dos Campos Gerais no s\u00e1bado neste dia 14, no Centro Cultural Eloah Martisns Quadrado a partir das 13h30.<\/p>\n\n\n\n<p>O livro foi idealizado pelos tel\u00eamaco-borbenses Cinthia Benck de Lima e Bruno Cruz. Tem 28 p\u00e1ginas e 10 personagens que se envolvem na busca para encontrar as lantejoulas vermelhas.<\/p>\n\n\n\n<p>Aninha uma menina que gosta muito de animais. Ela mora com sua m\u00e3e (Ana) e sua av\u00f3 (Sofia) que trabalham com artesanato. Um dia Ana percebe que o potinho de lantejoulas vermelhas, seu preferido, desaparece, e a\u00ed come\u00e7a a investiga\u00e7\u00e3o.<\/p>\n\n\n\n<p>O livro tem uma narra\u00e7\u00e3o simples e envolvente, sendo destinado para as crian\u00e7as de 5 a 7 anos, e tem o objetivo incentivar a leitura, al\u00e9m de apresentar palavras novas para as crian\u00e7as.<\/p>\n\n\n\n<p>A autora destaca que o livro faz parte de uma s\u00e9rie onde os personagens realizam suas aventuras em locais de nossa regi\u00e3o e em pontos tur\u00edsticos da cidade.<\/p>\n\n\n\n<p>A obra tem o texto de Cinthia Benck, ilustra\u00e7\u00e3o de Bruno Cruz, revis\u00e3o gramatical de Edna Beltr\u00e3o da Cunha Thomas, diagrama\u00e7\u00e3o de Daniel Oliboni Moreira.<\/p>\n\n\n\n<p><strong>Encontro Liter\u00e1rio<\/strong><\/p>\n\n\n\n<p>O Encontro Liter\u00e1rio da Academias de Letras dos Campos Gerais abre a programa\u00e7\u00e3o com a apresenta\u00e7\u00e3o do bal\u00e9.<\/p>\n\n\n\n<p>\u00c0s 14 horas ser\u00e1 realizada palestra, \u00e0s 15 horas passeio tur\u00edstico e \u00e0s 17 horas o encerramento. A entrada \u00e9 gratuita.<\/p>\n\n\n\n<figure class=\"wp-block-image size-large\"><img loading=\"lazy\" decoding=\"async\" width=\"1024\" height=\"684\" src=\"https:\/\/interessatb.com.br\/wp-content\/uploads\/2023\/10\/O_caso_das_lantejoulas_vermelhas_interno-1024x684.jpg\" alt=\"\" class=\"wp-image-2575\" srcset=\"https:\/\/interessatb.com.br\/wp-content\/uploads\/2023\/10\/O_caso_das_lantejoulas_vermelhas_interno-1024x684.jpg 1024w, https:\/\/interessatb.com.br\/wp-content\/uploads\/2023\/10\/O_caso_das_lantejoulas_vermelhas_interno-300x200.jpg 300w, https:\/\/interessatb.com.br\/wp-content\/uploads\/2023\/10\/O_caso_das_lantejoulas_vermelhas_interno-768x513.jpg 768w, https:\/\/interessatb.com.br\/wp-content\/uploads\/2023\/10\/O_caso_das_lantejoulas_vermelhas_interno-1536x1025.jpg 1536w, https:\/\/interessatb.com.br\/wp-content\/uploads\/2023\/10\/O_caso_das_lantejoulas_vermelhas_interno.jpg 1600w\" sizes=\"auto, (max-width: 1024px) 100vw, 1024px\" \/><\/figure>\n","protected":false},"excerpt":{"rendered":"<div class=\"mh-excerpt\"><p>A obra toda \u00e9 produzida por tel\u00eamaco-borbenses e tem como cen\u00e1rio os pontos tur\u00edsticos de nossa regi\u00e3o e \u00e9 direcionada ao p\u00fablico infantil. &#8220;O caso <a class=\"mh-excerpt-more\" href=\"https:\/\/interessatb.com.br\/?p=2574\" title=\"Livro \u201cO caso das lantejoulas vermelhas\u201d ser\u00e1 apresentado no s\u00e1bado, 14\">[&#8230;]<\/a><\/p>\n<\/div>","protected":false},"author":1,"featured_media":2576,"comment_status":"closed","ping_status":"closed","sticky":false,"template":"","format":"standard","meta":{"footnotes":""},"categories":[2,19],"tags":[],"class_list":["post-2574","post","type-post","status-publish","format-standard","has-post-thumbnail","hentry","category-cidade","category-cultura"],"_links":{"self":[{"href":"https:\/\/interessatb.com.br\/index.php?rest_route=\/wp\/v2\/posts\/2574","targetHints":{"allow":["GET"]}}],"collection":[{"href":"https:\/\/interessatb.com.br\/index.php?rest_route=\/wp\/v2\/posts"}],"about":[{"href":"https:\/\/interessatb.com.br\/index.php?rest_route=\/wp\/v2\/types\/post"}],"author":[{"embeddable":true,"href":"https:\/\/interessatb.com.br\/index.php?rest_route=\/wp\/v2\/users\/1"}],"replies":[{"embeddable":true,"href":"https:\/\/interessatb.com.br\/index.php?rest_route=%2Fwp%2Fv2%2Fcomments&post=2574"}],"version-history":[{"count":1,"href":"https:\/\/interessatb.com.br\/index.php?rest_route=\/wp\/v2\/posts\/2574\/revisions"}],"predecessor-version":[{"id":2577,"href":"https:\/\/interessatb.com.br\/index.php?rest_route=\/wp\/v2\/posts\/2574\/revisions\/2577"}],"wp:featuredmedia":[{"embeddable":true,"href":"https:\/\/interessatb.com.br\/index.php?rest_route=\/wp\/v2\/media\/2576"}],"wp:attachment":[{"href":"https:\/\/interessatb.com.br\/index.php?rest_route=%2Fwp%2Fv2%2Fmedia&parent=2574"}],"wp:term":[{"taxonomy":"category","embeddable":true,"href":"https:\/\/interessatb.com.br\/index.php?rest_route=%2Fwp%2Fv2%2Fcategories&post=2574"},{"taxonomy":"post_tag","embeddable":true,"href":"https:\/\/interessatb.com.br\/index.php?rest_route=%2Fwp%2Fv2%2Ftags&post=2574"}],"curies":[{"name":"wp","href":"https:\/\/api.w.org\/{rel}","templated":true}]}}