{"id":2578,"date":"2023-10-13T10:52:34","date_gmt":"2023-10-13T13:52:34","guid":{"rendered":"https:\/\/interessatb.com.br\/?p=2578"},"modified":"2023-10-13T10:56:23","modified_gmt":"2023-10-13T13:56:23","slug":"construcao-do-hospital-municipal-de-ortigueira-preve-investimentos-acima-de-50-milhoes-e-entrega-ate-2025","status":"publish","type":"post","link":"https:\/\/interessatb.com.br\/?p=2578","title":{"rendered":"Constru\u00e7\u00e3o do Hospital Municipal de Ortigueira prev\u00ea investimentos acima de 50 milh\u00f5es e entrega at\u00e9 2025"},"content":{"rendered":"\n<p>Com a presen\u00e7a de lideran\u00e7as regionais e estaduais foi lan\u00e7ada no dia 14 de setembro a pedra fundamental do novo hospital de Ortigueira, que pretende ser uma refer\u00eancia em atendimento de sa\u00fade, com \u00e1rea constru\u00edda de 25 mil metros quadrados.<\/p>\n\n\n\n<p>O investimento total na obra \u00e9 estimado em mais de 49 milh\u00f5es de reais, entre recursos pr\u00f3prios e R$ 1,5 milh\u00e3o proveniente de&nbsp;contribui\u00e7\u00e3o da Klabin, que doou o projeto arquitet\u00f4nico e conceitual do empreendimento.<\/p>\n\n\n\n<p>Alguns n\u00fameros do projeto: aproximadamente 55 leitos, incluindo de Unidade&nbsp;de Terapia Intensiva (UTI), um moderno centro cir\u00fargico, um heliporto, que permitir\u00e1 a r\u00e1pida transfer\u00eancia de pacientes em situa\u00e7\u00f5es cr\u00edticas e um amplo estacionamento de 2,5 mil metros quadrados.<\/p>\n\n\n\n<p>O projeto arquitet\u00f4nico do empreendimento foi desenvolvido pela empresa especializada Bioeng, que j\u00e1 deixou sua marca em mais de 40 cidades, incluindo a cria\u00e7\u00e3o de instala\u00e7\u00f5es como o Hospital S\u00e3o Lucas e o Hospital Policl\u00ednica Leni, em Campo Largo; Oncoclin, em Guarapuava; Hospital Santa Casa de Ponta Grossa; Hospital S\u00e3o Francisco de Assis, em Rio Azul; o Instituto Legado, em Curitiba, entre outros.<\/p>\n\n\n\n<figure class=\"wp-block-gallery has-nested-images columns-default is-cropped wp-block-gallery-1 is-layout-flex wp-block-gallery-is-layout-flex\">\n<figure class=\"wp-block-image size-large\"><img loading=\"lazy\" decoding=\"async\" width=\"1024\" height=\"491\" data-id=\"2579\" src=\"https:\/\/interessatb.com.br\/wp-content\/uploads\/2023\/10\/projeto_hospital_ortigueira_participantes-1024x491.jpg\" alt=\"\" class=\"wp-image-2579\" srcset=\"https:\/\/interessatb.com.br\/wp-content\/uploads\/2023\/10\/projeto_hospital_ortigueira_participantes-1024x491.jpg 1024w, https:\/\/interessatb.com.br\/wp-content\/uploads\/2023\/10\/projeto_hospital_ortigueira_participantes-300x144.jpg 300w, https:\/\/interessatb.com.br\/wp-content\/uploads\/2023\/10\/projeto_hospital_ortigueira_participantes-768x368.jpg 768w, https:\/\/interessatb.com.br\/wp-content\/uploads\/2023\/10\/projeto_hospital_ortigueira_participantes-1536x737.jpg 1536w, https:\/\/interessatb.com.br\/wp-content\/uploads\/2023\/10\/projeto_hospital_ortigueira_participantes.jpg 1603w\" sizes=\"auto, (max-width: 1024px) 100vw, 1024px\" \/><figcaption class=\"wp-element-caption\">Em evento concorrido, o lan\u00e7amento da pedra fundamental do Hospital Municipal de Ortigueira<\/figcaption><\/figure>\n<\/figure>\n\n\n\n<p><em>Fonte: PMO Divulga\u00e7\u00e3o<\/em><\/p>\n","protected":false},"excerpt":{"rendered":"<div class=\"mh-excerpt\"><p>Com a presen\u00e7a de lideran\u00e7as regionais e estaduais foi lan\u00e7ada no dia 14 de setembro a pedra fundamental do novo hospital de Ortigueira, que pretende <a class=\"mh-excerpt-more\" href=\"https:\/\/interessatb.com.br\/?p=2578\" title=\"Constru\u00e7\u00e3o do Hospital Municipal de Ortigueira prev\u00ea investimentos acima de 50 milh\u00f5es e entrega at\u00e9 2025\">[&#8230;]<\/a><\/p>\n<\/div>","protected":false},"author":1,"featured_media":2582,"comment_status":"closed","ping_status":"closed","sticky":false,"template":"","format":"standard","meta":{"footnotes":""},"categories":[14,15],"tags":[],"class_list":["post-2578","post","type-post","status-publish","format-standard","has-post-thumbnail","hentry","category-regiao","category-saude"],"_links":{"self":[{"href":"https:\/\/interessatb.com.br\/index.php?rest_route=\/wp\/v2\/posts\/2578","targetHints":{"allow":["GET"]}}],"collection":[{"href":"https:\/\/interessatb.com.br\/index.php?rest_route=\/wp\/v2\/posts"}],"about":[{"href":"https:\/\/interessatb.com.br\/index.php?rest_route=\/wp\/v2\/types\/post"}],"author":[{"embeddable":true,"href":"https:\/\/interessatb.com.br\/index.php?rest_route=\/wp\/v2\/users\/1"}],"replies":[{"embeddable":true,"href":"https:\/\/interessatb.com.br\/index.php?rest_route=%2Fwp%2Fv2%2Fcomments&post=2578"}],"version-history":[{"count":3,"href":"https:\/\/interessatb.com.br\/index.php?rest_route=\/wp\/v2\/posts\/2578\/revisions"}],"predecessor-version":[{"id":2584,"href":"https:\/\/interessatb.com.br\/index.php?rest_route=\/wp\/v2\/posts\/2578\/revisions\/2584"}],"wp:featuredmedia":[{"embeddable":true,"href":"https:\/\/interessatb.com.br\/index.php?rest_route=\/wp\/v2\/media\/2582"}],"wp:attachment":[{"href":"https:\/\/interessatb.com.br\/index.php?rest_route=%2Fwp%2Fv2%2Fmedia&parent=2578"}],"wp:term":[{"taxonomy":"category","embeddable":true,"href":"https:\/\/interessatb.com.br\/index.php?rest_route=%2Fwp%2Fv2%2Fcategories&post=2578"},{"taxonomy":"post_tag","embeddable":true,"href":"https:\/\/interessatb.com.br\/index.php?rest_route=%2Fwp%2Fv2%2Ftags&post=2578"}],"curies":[{"name":"wp","href":"https:\/\/api.w.org\/{rel}","templated":true}]}}