{"id":2596,"date":"2024-01-17T08:46:57","date_gmt":"2024-01-17T11:46:57","guid":{"rendered":"https:\/\/interessatb.com.br\/?p=2596"},"modified":"2024-01-17T08:48:35","modified_gmt":"2024-01-17T11:48:35","slug":"de-r-18-mil-a-r-21-mil-parana-seguira-com-maior-piso-regional-do-pais-em-2024","status":"publish","type":"post","link":"https:\/\/interessatb.com.br\/?p=2596","title":{"rendered":"De R$ 1,8 mil a R$ 2,1 mil: Paran\u00e1 seguir\u00e1 com maior Piso Regional do Pa\u00eds em 2024"},"content":{"rendered":"\n<p>O Conselho Estadual do Trabalho, Emprego e Renda (Ceter) aprovou nesta segunda-feira (15), em reuni\u00e3o extraordin\u00e1ria, a proposta de composi\u00e7\u00e3o dos novos valores do Piso Regional do Paran\u00e1, que tiveram como base o reajuste do Sal\u00e1rio M\u00ednimo Nacional para R$ 1.412, v\u00e1lido desde o in\u00edcio de janeiro deste ano. Com os novos reajustes, o Paran\u00e1 vai manter o maior Piso Regional do Brasil, com faixas que v\u00e3o de R$ 1.856,94 a R$ 2.134,88 ao m\u00eas.<\/p>\n\n\n\n<p>Na primeira faixa salarial, que contempla os trabalhadores agropecu\u00e1rios, florestais e da pesca, o novo piso ser\u00e1 de R$ 1.856,94. A segunda faixa, formada pelos trabalhadores de servi\u00e7os administrativos, vendedores do com\u00e9rcio em lojas e mercados e repara\u00e7\u00e3o e manuten\u00e7\u00e3o, ter\u00e1 piso de R$ 1.927,02. No terceiro grupo, dos trabalhadores da produ\u00e7\u00e3o de bens e servi\u00e7os industriais, o piso ser\u00e1 de R$ 1.989,86. Por fim, o quarto grupo, dos t\u00e9cnicos de n\u00edvel m\u00e9dio, ter\u00e1 o piso de R$ 2.134,88.<\/p>\n\n\n\n<p>A negocia\u00e7\u00e3o dos valores \u00e9 feita a partir da Lei Estadual n\u00b0 21.350\/2023, que trata da pol\u00edtica de valoriza\u00e7\u00e3o do Piso Salarial do Paran\u00e1 at\u00e9 2026. Anualmente, o Ceter, composto por representantes do Governo do Estado, dos trabalhadores e dos sindicatos patronais, se re\u00fane ap\u00f3s a divulga\u00e7\u00e3o do INPC (3,71%) do ano anterior, na \u00faltima sexta-feira (12), e do valor do Sal\u00e1rio M\u00ednimo Nacional pelo governo federal.<\/p>\n\n\n\n<p>O m\u00ednimo regional n\u00e3o se aplica aos empregados que possuem piso salarial definido em lei federal, conven\u00e7\u00e3o ou acordo coletivo de trabalho, nem aos servidores p\u00fablicos.<\/p>\n\n\n\n<p><strong>Confira como eram e como ficaram os novos pisos regionais:<\/strong><\/p>\n\n\n\n<p>Faixa 1 \u2013 de R$ 1.749,02 para R$ 1.856,94<\/p>\n\n\n\n<p>Faixa 2 \u2013 de R$ 1.816,60 para R$ 1.927,02<\/p>\n\n\n\n<p>Faixa 3 \u2013 de R$ 1.877,19 para R$ 1.989,86<\/p>\n\n\n\n<p>Faixa 4 \u2013 de R$ 2.017,02 para R$ 2.134,88<\/p>\n\n\n\n<p><em>Fonte: Compilado &#8211; Ag\u00eancia Estadual de Not\u00edcias.<\/em><\/p>\n","protected":false},"excerpt":{"rendered":"<div class=\"mh-excerpt\"><p>O Conselho Estadual do Trabalho, Emprego e Renda (Ceter) aprovou nesta segunda-feira (15), em reuni\u00e3o extraordin\u00e1ria, a proposta de composi\u00e7\u00e3o dos novos valores do Piso <a class=\"mh-excerpt-more\" href=\"https:\/\/interessatb.com.br\/?p=2596\" title=\"De R$ 1,8 mil a R$ 2,1 mil: Paran\u00e1 seguir\u00e1 com maior Piso Regional do Pa\u00eds em 2024\">[&#8230;]<\/a><\/p>\n<\/div>","protected":false},"author":1,"featured_media":2597,"comment_status":"closed","ping_status":"closed","sticky":false,"template":"","format":"standard","meta":{"footnotes":""},"categories":[20,12,14],"tags":[],"class_list":["post-2596","post","type-post","status-publish","format-standard","has-post-thumbnail","hentry","category-industria-e-comercio","category-parana","category-regiao"],"_links":{"self":[{"href":"https:\/\/interessatb.com.br\/index.php?rest_route=\/wp\/v2\/posts\/2596","targetHints":{"allow":["GET"]}}],"collection":[{"href":"https:\/\/interessatb.com.br\/index.php?rest_route=\/wp\/v2\/posts"}],"about":[{"href":"https:\/\/interessatb.com.br\/index.php?rest_route=\/wp\/v2\/types\/post"}],"author":[{"embeddable":true,"href":"https:\/\/interessatb.com.br\/index.php?rest_route=\/wp\/v2\/users\/1"}],"replies":[{"embeddable":true,"href":"https:\/\/interessatb.com.br\/index.php?rest_route=%2Fwp%2Fv2%2Fcomments&post=2596"}],"version-history":[{"count":2,"href":"https:\/\/interessatb.com.br\/index.php?rest_route=\/wp\/v2\/posts\/2596\/revisions"}],"predecessor-version":[{"id":2599,"href":"https:\/\/interessatb.com.br\/index.php?rest_route=\/wp\/v2\/posts\/2596\/revisions\/2599"}],"wp:featuredmedia":[{"embeddable":true,"href":"https:\/\/interessatb.com.br\/index.php?rest_route=\/wp\/v2\/media\/2597"}],"wp:attachment":[{"href":"https:\/\/interessatb.com.br\/index.php?rest_route=%2Fwp%2Fv2%2Fmedia&parent=2596"}],"wp:term":[{"taxonomy":"category","embeddable":true,"href":"https:\/\/interessatb.com.br\/index.php?rest_route=%2Fwp%2Fv2%2Fcategories&post=2596"},{"taxonomy":"post_tag","embeddable":true,"href":"https:\/\/interessatb.com.br\/index.php?rest_route=%2Fwp%2Fv2%2Ftags&post=2596"}],"curies":[{"name":"wp","href":"https:\/\/api.w.org\/{rel}","templated":true}]}}