{"id":2601,"date":"2024-01-17T09:14:19","date_gmt":"2024-01-17T12:14:19","guid":{"rendered":"https:\/\/interessatb.com.br\/?p=2601"},"modified":"2024-01-17T09:15:02","modified_gmt":"2024-01-17T12:15:02","slug":"vence-nesta-quarta-feira-o-ipva-2024-dos-veiculos-com-final-de-placa-1-e-2","status":"publish","type":"post","link":"https:\/\/interessatb.com.br\/?p=2601","title":{"rendered":"Vence nesta quarta-feira o IPVA 2024 dos ve\u00edculos com final de placa 1 e 2"},"content":{"rendered":"\n<p>A Secretaria da Fazenda e a Receita Estadual do Paran\u00e1 comunicam que o calend\u00e1rio de vencimento do Imposto sobre a Propriedade de Ve\u00edculos Automotores (IPVA) de 2024 tem in\u00edcio nesta quarta-feira (17) para ve\u00edculos com final de placa 1 e 2.<\/p>\n\n\n\n<p>Este \u00e9 o prazo m\u00e1ximo tanto para efetuar o pagamento em parcela \u00fanica com desconto de 6%, novidade deste ano, quanto para optar pelo parcelamento em cinco vezes sem acr\u00e9scimo de juros. O contribuinte deve ficar atento aos prazos de vencimento de acordo com o final da placa do ve\u00edculo.<\/p>\n\n\n\n<p>Assim como j\u00e1 ocorria em anos anteriores, as guias n\u00e3o s\u00e3o mais enviadas pelos correios. Assim, os contribuintes do Paran\u00e1 devem gerar as guias de recolhimento (GR-PR) para pagamento por meio dos canais oficiais. Elas devem ser emitidas pelo\u00a0<a href=\"https:\/\/www.contribuinte.fazenda.pr.gov.br\/ipva\/faces\/home;jsessionid=Zl0SkrkjB-IWBFjmSwNaHfNCcO7P7Ilqy-mPw4z0s2ll1LFUarAj!-839439189\" target=\"_blank\" rel=\"noreferrer noopener\">Portal IPVA<\/a>\u00a0ou pelo Portal de Pagamentos de Tributos.<\/p>\n\n\n\n<p><strong>AL\u00cdQUOTA&nbsp;<\/strong>\u2013 A al\u00edquota do IPVA no Paran\u00e1 permanece em 3,5% sobre o valor venal de carros e motos em geral. Para \u00f4nibus, caminh\u00f5es, ve\u00edculos de carga, de aluguel ou movidos a g\u00e1s natural veicular (GNV), a al\u00edquota \u00e9 de 1%.&nbsp;O IPVA representa uma das principais fontes de arrecada\u00e7\u00e3o tribut\u00e1ria no Estado. Parte do valor arrecadado tamb\u00e9m ajuda a custear a\u00e7\u00f5es dos munic\u00edpios.<\/p>\n\n\n\n<p><strong>ATRASO<\/strong>\u00a0\u2013\u00a0A multa \u00e9 de 0,33% ao dia mais juros de mora (de acordo com a taxa Selic). Ap\u00f3s 30 dias de atraso, o percentual \u00e9 fixado em 10% do valor do imposto.<\/p>\n\n\n\n<p><strong>Confira o calend\u00e1rio de vencimento do IPVA 2024:<\/strong><\/p>\n\n\n\n<p>FINAL DE PLACA &#8211; prazo de pagamento da quota \u00fanica<\/p>\n\n\n\n<p>1 e 2 &#8211; 17\/01\/2024<\/p>\n\n\n\n<p>3 e 4 &#8211; 18\/01\/2024<\/p>\n\n\n\n<p>5 e 6 &#8211; 19\/01\/2024<\/p>\n\n\n\n<p>7 e 8 &#8211; 22\/01\/2024<\/p>\n\n\n\n<p>9 e 0 &#8211; 23\/01\/2024<\/p>\n\n\n\n<p>FINAL DE PLACA &#8211; cinco parcelas<\/p>\n\n\n\n<p>1 e 2 &#8211; 17\/01, 19\/02, 18\/03, 17\/04, 17\/05<\/p>\n\n\n\n<p>3 e 4 &#8211; 18\/01, 20\/02, 19\/03, 18\/04, 20\/05<\/p>\n\n\n\n<p>5 e 6 &#8211; 19\/01, 21\/02, 20\/03, 19\/04, 21\/05<\/p>\n\n\n\n<p>7 e 8 &#8211; 22\/01, 22\/02, 21\/03, 22\/04, 22\/05<\/p>\n\n\n\n<p>9 e 0 &#8211; 23\/01, 23\/02, 22\/03, 23\/04, 23\/05<\/p>\n\n\n\n<p><em>Fonte: Compilado de Ag\u00eancia Estadual de Not\u00edcias.<\/em><\/p>\n","protected":false},"excerpt":{"rendered":"<div class=\"mh-excerpt\"><p>A Secretaria da Fazenda e a Receita Estadual do Paran\u00e1 comunicam que o calend\u00e1rio de vencimento do Imposto sobre a Propriedade de Ve\u00edculos Automotores (IPVA) <a class=\"mh-excerpt-more\" href=\"https:\/\/interessatb.com.br\/?p=2601\" title=\"Vence nesta quarta-feira o IPVA 2024 dos ve\u00edculos com final de placa 1 e 2\">[&#8230;]<\/a><\/p>\n<\/div>","protected":false},"author":1,"featured_media":2602,"comment_status":"closed","ping_status":"closed","sticky":false,"template":"","format":"standard","meta":{"footnotes":""},"categories":[12,14],"tags":[],"class_list":["post-2601","post","type-post","status-publish","format-standard","has-post-thumbnail","hentry","category-parana","category-regiao"],"_links":{"self":[{"href":"https:\/\/interessatb.com.br\/index.php?rest_route=\/wp\/v2\/posts\/2601","targetHints":{"allow":["GET"]}}],"collection":[{"href":"https:\/\/interessatb.com.br\/index.php?rest_route=\/wp\/v2\/posts"}],"about":[{"href":"https:\/\/interessatb.com.br\/index.php?rest_route=\/wp\/v2\/types\/post"}],"author":[{"embeddable":true,"href":"https:\/\/interessatb.com.br\/index.php?rest_route=\/wp\/v2\/users\/1"}],"replies":[{"embeddable":true,"href":"https:\/\/interessatb.com.br\/index.php?rest_route=%2Fwp%2Fv2%2Fcomments&post=2601"}],"version-history":[{"count":1,"href":"https:\/\/interessatb.com.br\/index.php?rest_route=\/wp\/v2\/posts\/2601\/revisions"}],"predecessor-version":[{"id":2603,"href":"https:\/\/interessatb.com.br\/index.php?rest_route=\/wp\/v2\/posts\/2601\/revisions\/2603"}],"wp:featuredmedia":[{"embeddable":true,"href":"https:\/\/interessatb.com.br\/index.php?rest_route=\/wp\/v2\/media\/2602"}],"wp:attachment":[{"href":"https:\/\/interessatb.com.br\/index.php?rest_route=%2Fwp%2Fv2%2Fmedia&parent=2601"}],"wp:term":[{"taxonomy":"category","embeddable":true,"href":"https:\/\/interessatb.com.br\/index.php?rest_route=%2Fwp%2Fv2%2Fcategories&post=2601"},{"taxonomy":"post_tag","embeddable":true,"href":"https:\/\/interessatb.com.br\/index.php?rest_route=%2Fwp%2Fv2%2Ftags&post=2601"}],"curies":[{"name":"wp","href":"https:\/\/api.w.org\/{rel}","templated":true}]}}