{"id":261,"date":"2021-08-18T21:19:24","date_gmt":"2021-08-19T00:19:24","guid":{"rendered":"https:\/\/interessatb.com.br\/?p=261"},"modified":"2022-08-21T10:59:54","modified_gmt":"2022-08-21T13:59:54","slug":"uma-bela-historia-e-o-livre-arbitrio","status":"publish","type":"post","link":"https:\/\/interessatb.com.br\/?p=261","title":{"rendered":"Uma bela hist\u00f3ria e o livre arb\u00edtrio\u202f"},"content":{"rendered":"<div class=\"wp-block-image is-style-rounded\">\n<figure class=\"alignleft size-full is-resized\"><img loading=\"lazy\" decoding=\"async\" src=\"http:\/\/interessatb.com.br\/wp-content\/uploads\/2022\/03\/Jacir-J-Venturi-Mercury.jpg\" alt=\"\" class=\"wp-image-971\" width=\"64\" height=\"70\"\/><\/figure>\n<\/div>\n\n\n<p><br>Jacir Venturi\u202f*<\/p>\n\n\n\n<p><\/p>\n\n\n\n<p><\/p>\n\n\n\n<p><br>\u202f\u202f<br>Catal\u00e3es e madrilenos historicamente vivem \u00e0s\u202fturras. Em 1984, por motiva\u00e7\u00f5es\u202fpol\u00edticas, uma forte desaven\u00e7a se estabeleceu entre os tenores Jos\u00e9 Pl\u00e1cido Domingo, nascido em Madri, e Jos\u00e9 Carreras, com ber\u00e7o em Barcelona. Ambos subirem ao mesmo palco? Impens\u00e1vel! Recusa expl\u00edcita, cl\u00e1usula p\u00e9trea nos contratos de ambos.\u202f<\/p>\n\n\n\n<p>Em 1987, mais funesta que esta inimizade foi o diagn\u00f3stico de uma leucemia em Jos\u00e9 Carreras, com tratamentos\u202fprostrantes, incorrendo em transplante de medula \u00f3ssea,\u202fqu\u00edmio\u202fe radioterapias\u202fem\u202fSeattle, nos EUA.\u202fOs procedimentos m\u00e9dicos car\u00edssimos teriam levado Carreras \u00e0 exaust\u00e3o financeira. Diante da falta de melhores alternativas, Jos\u00e9 Carreras procurou uma Funda\u00e7\u00e3o Beneficente (e sediada em Madri) especializada no tratamento de leuc\u00eamicos.\u202f<\/p>\n\n\n\n<p>Uma vez curado,\u202fap\u00f3s 15 meses de tratamento,\u202fe j\u00e1 tendo voltado a cantar, Carreras foi manifestar a sua gratid\u00e3o se inscrevendo como s\u00f3cio benem\u00e9rito da referida Funda\u00e7\u00e3o. Seus advogados, ao lerem os estatutos, quem encontraram como Presidente e principal financiador? Sim, ele, o arquirrival desafeto. Pl\u00e1cido Domingo teria se mantido no anonimato para que Carreras n\u00e3o recusasse a ajuda.\u202f<\/p>\n\n\n<div class=\"wp-block-image is-style-default\">\n<figure class=\"alignleft size-full is-resized\"><img loading=\"lazy\" decoding=\"async\" src=\"http:\/\/interessatb.com.br\/wp-content\/uploads\/2022\/03\/Lapidar1.png\" alt=\"\" class=\"wp-image-974\" width=\"329\" height=\"402\"\/><\/figure>\n<\/div>\n\n\n<p>Su\u202fencuentro\u202ffue\u202fcomovedor\u2026\u202fCarreras surpreendeu Pl\u00e1cido em uma apresenta\u00e7\u00e3o em Madri e, subindo ao palco, se ajoelhou e agradeceu. Pl\u00e1cido o levantou, longamente se abra\u00e7aram em prantos copiosos. Na sa\u00edda, acorreram os jornalistas, indagando\u202fsobre a nobreza do gesto,\u202fuma vez\u202fque, al\u00e9m de desafetos, eram concorrentes. Ao que Pl\u00e1cido emocionado justificou: &#8220;Porque uma voz como aquela n\u00e3o poderia se perder&#8221;.\u202f<\/p>\n\n\n\n<p>Hist\u00f3ria comovente, n\u00e3o?\u202fPossivelmente voc\u00ea, leitor, j\u00e1\u202fa\u202fconhecia como\u202ftexto ou\u202fv\u00eddeo motivacional.\u202fO que talvez desconhe\u00e7a \u00e9 que,\u202f\u00e0\u202fexce\u00e7\u00e3o da doen\u00e7a em si, todo o restante do relato \u00e9\u202finveross\u00edmil,\u202ffake, n\u00e3o tem amparo hist\u00f3rico\u202f\u2013 n\u00e3o passa de uma fic\u00e7\u00e3o \u2013, como bem desmente em comunicado oficial a Funda\u00e7\u00e3o Internacional de Leucemia sobre qualquer ajuda de Pl\u00e1cido Domingo ao tratamento de Jos\u00e9 Carreras.\u202f\u00c9 compreens\u00edvel que Jos\u00e9 Carreras tenha se sentido aborrecido com esta vers\u00e3o mentirosa.<br>\u202f<br>Portanto,\u202fn\u00e3o passa de um conto fantasioso, com forte carga emocional, impregnado de bons valores, raz\u00e3o pela qual raramente desconfiamos de sua inverossimilhan\u00e7a.\u202fE eis aqui um grande perigo, pois somos naturalmente tentados a acreditar \u2013 ainda que sem qualquer evid\u00eancia de veracidade \u2013 em informa\u00e7\u00f5es e afirma\u00e7\u00f5es que coincidam com nosso posicionamento, vis\u00e3o de mundo, valores. E vice-versa: nossa primeira rea\u00e7\u00e3o tende a ser de rejei\u00e7\u00e3o a conte\u00fados que se oponham ao nosso modo de pensar.<\/p>\n\n\n\n<p>Para o bem ou para o mal, o que\u202ftem\u202flevado\u202fin\u00fameras pessoas a postarem\u202ftantas\u202ffake news\u202fnas redes sociais, uma das maiores pragas do mundo contempor\u00e2neo?\u202fE, assim como numa guerra, a primeira v\u00edtima\u202f\u00e9\u202fa\u202fverdade, ainda que tal termo n\u00e3o seja imune a uma ampla discuss\u00e3o filos\u00f3fica.\u202fMesmo que haja boas inten\u00e7\u00f5es, toda vers\u00e3o mentirosa d\u00e1 azo \u00e0 profus\u00e3o de maledic\u00eancias e destrui\u00e7\u00f5es de reputa\u00e7\u00f5es na internet que em muito contribuem para as polariza\u00e7\u00f5es na pol\u00edtica e nos costumes.\u202f<\/p>\n\n\n\n<p>A bem da verdade, n\u00e3o \u00e9 uma inven\u00e7\u00e3o, pois boatos e inverdades\u202f\u2013 deliberadas ou n\u00e3o \u2013existem desde sempre. Todavia, a tecnologia e a conectividade deram\u202f\u00e0s fake news um alcance e um impacto sem precedentes.\u202fSe, de um lado, o fascinante mundo da internet representa a mais ampla e democr\u00e1tica forma de acesso ao saber e \u00e0 pesquisa, de outro \u00e9 um ecossistema que\u202fpossui pouca regula\u00e7\u00e3o e controle, no qual opini\u00f5es comumente enfrentam intensa oposi\u00e7\u00e3o de diversos interesses. Nunca na hist\u00f3ria a falsidade, a futilidade e a imbecilidade\u202ftiveram uma tribuna t\u00e3o perniciosa e falaciosa \u00e0s nossas crian\u00e7as, jovens e at\u00e9 mesmo aos adultos. O escritor e linguista italiano Umberto Eco (1932-2016)\u202fbem descreveu\u202fesse fen\u00f4meno: \u201cas m\u00eddias sociais deram o direito \u00e0 fala a legi\u00f5es de imbecis que, anteriormente, falavam s\u00f3 no bar.&#8221;\u202f<\/p>\n\n\n\n<p>Para o polon\u00eas Czeslaw Milosz, Nobel de Literatura de 1980, o bem e o mal s\u00e3o imanentes ao ser humano e, se &#8220;a esp\u00e9cie humana deixar de existir, tanto o mal como o bem desaparecer\u00e3o&#8221;, ainda que\u202fh\u00e1 16 s\u00e9culos ecoe\u202fa indaga\u00e7\u00e3o pungente de Santo Agostinho: &#8220;Unde\u202fMalum?&#8221;\u202f\u2013\u202fou seja,\u202f&#8221;De\u202fonde\u202fvem o\u202fmal?&#8221;. Mas sem nos adentrarmos\u202fem quest\u00f5es filos\u00f3ficas ou religiosas, devemos aceitar que\u202fsomos providos de\u202flivre arb\u00edtrio,\u202fipso facto\u202ftemos o discernimento da escolha\u202fentre o bem e o mal.\u202fDentro de n\u00f3s h\u00e1 dois c\u00e3es que se litigam todos os dias: um representa o bem e o outro, o mal. Qual dos dois vence a briga? Aquele ao qual damos mais comida.\u202f<\/p>\n\n\n\n<p><em>(*) Jacir J. Venturi \u00e9 membro do Conselho Estadual de Educa\u00e7\u00e3o, autor de livros, foi professor da UFPR, PUCPR e da Universidade Positivo.<\/em><\/p>\n\n\n\n<p><strong>Veja tamb\u00e9m<\/strong><\/p>\n\n\n\n<p><a href=\"https:\/\/interessatb.com.br\/2021\/08\/01\/o-empreendedorismo-brasileiro-e-a-educacao\/\">O empreendedorismo brasileiro e a educa\u00e7\u00e3o<\/a><\/p>\n\n\n\n<p><a href=\"https:\/\/interessatb.com.br\/2021\/07\/29\/museu-de-tibagi-homenageia-o-futebol-da-cidade-com-exposicao\/\">Museu de Tibagi homenageia o futebol da cidade com exposi\u00e7\u00e3o<\/a><\/p>\n","protected":false},"excerpt":{"rendered":"<div class=\"mh-excerpt\"><p>Jacir Venturi\u202f* \u202f\u202fCatal\u00e3es e madrilenos historicamente vivem \u00e0s\u202fturras. Em 1984, por motiva\u00e7\u00f5es\u202fpol\u00edticas, uma forte desaven\u00e7a se estabeleceu entre os tenores Jos\u00e9 Pl\u00e1cido Domingo, nascido em <a class=\"mh-excerpt-more\" href=\"https:\/\/interessatb.com.br\/?p=261\" title=\"Uma bela hist\u00f3ria e o livre arb\u00edtrio\u202f\">[&#8230;]<\/a><\/p>\n<\/div>","protected":false},"author":1,"featured_media":1244,"comment_status":"closed","ping_status":"closed","sticky":false,"template":"","format":"standard","meta":{"footnotes":""},"categories":[3,9],"tags":[],"class_list":["post-261","post","type-post","status-publish","format-standard","has-post-thumbnail","hentry","category-colunistas","category-colunista-jacir-venturi"],"_links":{"self":[{"href":"https:\/\/interessatb.com.br\/index.php?rest_route=\/wp\/v2\/posts\/261","targetHints":{"allow":["GET"]}}],"collection":[{"href":"https:\/\/interessatb.com.br\/index.php?rest_route=\/wp\/v2\/posts"}],"about":[{"href":"https:\/\/interessatb.com.br\/index.php?rest_route=\/wp\/v2\/types\/post"}],"author":[{"embeddable":true,"href":"https:\/\/interessatb.com.br\/index.php?rest_route=\/wp\/v2\/users\/1"}],"replies":[{"embeddable":true,"href":"https:\/\/interessatb.com.br\/index.php?rest_route=%2Fwp%2Fv2%2Fcomments&post=261"}],"version-history":[{"count":2,"href":"https:\/\/interessatb.com.br\/index.php?rest_route=\/wp\/v2\/posts\/261\/revisions"}],"predecessor-version":[{"id":1246,"href":"https:\/\/interessatb.com.br\/index.php?rest_route=\/wp\/v2\/posts\/261\/revisions\/1246"}],"wp:featuredmedia":[{"embeddable":true,"href":"https:\/\/interessatb.com.br\/index.php?rest_route=\/wp\/v2\/media\/1244"}],"wp:attachment":[{"href":"https:\/\/interessatb.com.br\/index.php?rest_route=%2Fwp%2Fv2%2Fmedia&parent=261"}],"wp:term":[{"taxonomy":"category","embeddable":true,"href":"https:\/\/interessatb.com.br\/index.php?rest_route=%2Fwp%2Fv2%2Fcategories&post=261"},{"taxonomy":"post_tag","embeddable":true,"href":"https:\/\/interessatb.com.br\/index.php?rest_route=%2Fwp%2Fv2%2Ftags&post=261"}],"curies":[{"name":"wp","href":"https:\/\/api.w.org\/{rel}","templated":true}]}}