{"id":2615,"date":"2024-01-18T17:07:00","date_gmt":"2024-01-18T20:07:00","guid":{"rendered":"https:\/\/interessatb.com.br\/?p=2615"},"modified":"2024-01-18T17:42:23","modified_gmt":"2024-01-18T20:42:23","slug":"telemaco-borba-se-torna-oficialmente-centro-de-referencia-do-comite-paralimpico-brasileiro","status":"publish","type":"post","link":"https:\/\/interessatb.com.br\/?p=2615","title":{"rendered":"Tel\u00eamaco Borba se torna oficialmente centro de refer\u00eancia do Comit\u00ea Paral\u00edmpico Brasileiro"},"content":{"rendered":"\n<p>O munic\u00edpio de Tel\u00eamaco Borba recebeu foi declarado oficialmente um dos centros de refer\u00eancia do Comit\u00ea Paral\u00edmpico Brasileiro (CPB), no in\u00edcio deste m\u00eas. A confirma\u00e7\u00e3o veio ap\u00f3s uma reuni\u00e3o on-line com representantes do CPB, incluindo o diretor de desenvolvimento esportivo Ramon Pereira e o coordenador t\u00e9cnico do Departamento do Paradesporto da Secretaria de Esporte do Paran\u00e1, Mario S\u00e9rgio Fontes, al\u00e9m dos gestores esportivos dos sete munic\u00edpios escolhidos.<\/p>\n\n\n\n<p>A vice-prefeita Rita comentou que a administra\u00e7\u00e3o tem dedicado esfor\u00e7os significativos para fortalecer o esporte em todas as suas vertentes. Que no dia 12 de setembro de 2023 houve a inaugura\u00e7\u00e3o do Gin\u00e1sio Paradesportivo Laertes Bueno de Camargo, localizado no Socomin. &#8220;Este espa\u00e7o \u00e9 um reflexo do nosso compromisso em criar ambientes inclusivos e acess\u00edveis para atletas paral\u00edmpicos locais. Estamos entusiasmados por Tel\u00eamaco Borba ser reconhecido nacionalmente como um centro de refer\u00eancia, e isso s\u00f3 refor\u00e7a a nossa cren\u00e7a no poder transformador do esporte&#8221;.<\/p>\n\n\n\n<p>Durante a reuni\u00e3o com o Comit\u00ea Paral\u00edmpico Brasileiro foi abordada tamb\u00e9m a discuss\u00e3o sobre o edital para a contrata\u00e7\u00e3o dos profissionais que atuar\u00e3o nesses centros, chegando diretamente a cada munic\u00edpio em parceria com o Comit\u00ea Paral\u00edmpico Brasileiro.<\/p>\n\n\n\n<p>Tel\u00eamaco Borba agora se prepara para desempenhar um papel importante no desenvolvimento do esporte paral\u00edmpico, proporcionando suporte e estrutura adequados para atletas com defici\u00eancia. Esta nova realidade fortalece o compromisso do Brasil com a inclus\u00e3o e a promo\u00e7\u00e3o do talento paral\u00edmpico em todo o pa\u00eds.<\/p>\n\n\n\n<p><em>Fonte: Adaptado de Divulga\u00e7\u00e3o PMTB.<\/em><\/p>\n","protected":false},"excerpt":{"rendered":"<div class=\"mh-excerpt\"><p>O munic\u00edpio de Tel\u00eamaco Borba recebeu foi declarado oficialmente um dos centros de refer\u00eancia do Comit\u00ea Paral\u00edmpico Brasileiro (CPB), no in\u00edcio deste m\u00eas. A confirma\u00e7\u00e3o <a class=\"mh-excerpt-more\" href=\"https:\/\/interessatb.com.br\/?p=2615\" title=\"Tel\u00eamaco Borba se torna oficialmente centro de refer\u00eancia do Comit\u00ea Paral\u00edmpico Brasileiro\">[&#8230;]<\/a><\/p>\n<\/div>","protected":false},"author":1,"featured_media":2616,"comment_status":"closed","ping_status":"closed","sticky":false,"template":"","format":"standard","meta":{"footnotes":""},"categories":[2,7],"tags":[],"class_list":["post-2615","post","type-post","status-publish","format-standard","has-post-thumbnail","hentry","category-cidade","category-esporte"],"_links":{"self":[{"href":"https:\/\/interessatb.com.br\/index.php?rest_route=\/wp\/v2\/posts\/2615","targetHints":{"allow":["GET"]}}],"collection":[{"href":"https:\/\/interessatb.com.br\/index.php?rest_route=\/wp\/v2\/posts"}],"about":[{"href":"https:\/\/interessatb.com.br\/index.php?rest_route=\/wp\/v2\/types\/post"}],"author":[{"embeddable":true,"href":"https:\/\/interessatb.com.br\/index.php?rest_route=\/wp\/v2\/users\/1"}],"replies":[{"embeddable":true,"href":"https:\/\/interessatb.com.br\/index.php?rest_route=%2Fwp%2Fv2%2Fcomments&post=2615"}],"version-history":[{"count":1,"href":"https:\/\/interessatb.com.br\/index.php?rest_route=\/wp\/v2\/posts\/2615\/revisions"}],"predecessor-version":[{"id":2617,"href":"https:\/\/interessatb.com.br\/index.php?rest_route=\/wp\/v2\/posts\/2615\/revisions\/2617"}],"wp:featuredmedia":[{"embeddable":true,"href":"https:\/\/interessatb.com.br\/index.php?rest_route=\/wp\/v2\/media\/2616"}],"wp:attachment":[{"href":"https:\/\/interessatb.com.br\/index.php?rest_route=%2Fwp%2Fv2%2Fmedia&parent=2615"}],"wp:term":[{"taxonomy":"category","embeddable":true,"href":"https:\/\/interessatb.com.br\/index.php?rest_route=%2Fwp%2Fv2%2Fcategories&post=2615"},{"taxonomy":"post_tag","embeddable":true,"href":"https:\/\/interessatb.com.br\/index.php?rest_route=%2Fwp%2Fv2%2Ftags&post=2615"}],"curies":[{"name":"wp","href":"https:\/\/api.w.org\/{rel}","templated":true}]}}