{"id":2623,"date":"2024-01-18T17:41:32","date_gmt":"2024-01-18T20:41:32","guid":{"rendered":"https:\/\/interessatb.com.br\/?p=2623"},"modified":"2024-01-18T17:41:32","modified_gmt":"2024-01-18T20:41:32","slug":"prefeitura-de-ortigueira-anuncia-a-abertura-de-concurso-publico-com-inscricoes-ate-06-de-fevereiro","status":"publish","type":"post","link":"https:\/\/interessatb.com.br\/?p=2623","title":{"rendered":"Prefeitura de Ortigueira anuncia a abertura de Concurso P\u00fablico, com inscri\u00e7\u00f5es at\u00e9 06 de fevereiro"},"content":{"rendered":"\n<p>A Prefeitura de Ortigueira anunciar a abertura das inscri\u00e7\u00f5es para o Concurso P\u00fablico 01\/2024. As inscri\u00e7\u00f5es est\u00e3o oficialmente abertas a partir de hoje (18) e se estender\u00e3o at\u00e9 o dia 06 de fevereiro de 2024. Este concurso oferece uma oportunidade para diversos cargos, desde n\u00edvel t\u00e9cnico at\u00e9 n\u00edvel superior.<\/p>\n\n\n\n<p>Os sal\u00e1rios iniciais, a depender do cargo, podem variar de R$ 2.150,66 at\u00e9 R$ 11.945,81, e a taxa de inscri\u00e7\u00e3o de R$ 45,00 para o n\u00edvel t\u00e9cnico e R$ 55,00 para o n\u00edvel superior. Conforme o edital publicado, as vagas de n\u00edvel t\u00e9cnico s\u00e3o para os cargos de Cuidador Social e T\u00e9cnico em Enfermagem. J\u00e1 o n\u00famero de vagas para n\u00edvel superior contempla mais de 15 profiss\u00f5es, conforme detalhes do edital.<\/p>\n\n\n\n<p>Para mais detalhes sobre os cargos dispon\u00edveis, requisitos, sal\u00e1rios e demais informa\u00e7\u00f5es relevantes, \u00e9 poss\u00edvel a consulta ao Edital, <a href=\"https:\/\/institutoindepac.org.br\/Projetos\/projeto-detalhes.aspx?id=GLMR45vk0sU%3D&amp;fbclid=IwAR052wSEJFGYd6k2OyvO1GBxMB4rU1Cm93OjntNsSuXwRgto6qe4rtml7gI\">neste link.<\/a><\/p>\n","protected":false},"excerpt":{"rendered":"<div class=\"mh-excerpt\"><p>A Prefeitura de Ortigueira anunciar a abertura das inscri\u00e7\u00f5es para o Concurso P\u00fablico 01\/2024. As inscri\u00e7\u00f5es est\u00e3o oficialmente abertas a partir de hoje (18) e <a class=\"mh-excerpt-more\" href=\"https:\/\/interessatb.com.br\/?p=2623\" title=\"Prefeitura de Ortigueira anuncia a abertura de Concurso P\u00fablico, com inscri\u00e7\u00f5es at\u00e9 06 de fevereiro\">[&#8230;]<\/a><\/p>\n<\/div>","protected":false},"author":1,"featured_media":1289,"comment_status":"closed","ping_status":"closed","sticky":false,"template":"","format":"standard","meta":{"footnotes":""},"categories":[14],"tags":[],"class_list":["post-2623","post","type-post","status-publish","format-standard","has-post-thumbnail","hentry","category-regiao"],"_links":{"self":[{"href":"https:\/\/interessatb.com.br\/index.php?rest_route=\/wp\/v2\/posts\/2623","targetHints":{"allow":["GET"]}}],"collection":[{"href":"https:\/\/interessatb.com.br\/index.php?rest_route=\/wp\/v2\/posts"}],"about":[{"href":"https:\/\/interessatb.com.br\/index.php?rest_route=\/wp\/v2\/types\/post"}],"author":[{"embeddable":true,"href":"https:\/\/interessatb.com.br\/index.php?rest_route=\/wp\/v2\/users\/1"}],"replies":[{"embeddable":true,"href":"https:\/\/interessatb.com.br\/index.php?rest_route=%2Fwp%2Fv2%2Fcomments&post=2623"}],"version-history":[{"count":1,"href":"https:\/\/interessatb.com.br\/index.php?rest_route=\/wp\/v2\/posts\/2623\/revisions"}],"predecessor-version":[{"id":2624,"href":"https:\/\/interessatb.com.br\/index.php?rest_route=\/wp\/v2\/posts\/2623\/revisions\/2624"}],"wp:featuredmedia":[{"embeddable":true,"href":"https:\/\/interessatb.com.br\/index.php?rest_route=\/wp\/v2\/media\/1289"}],"wp:attachment":[{"href":"https:\/\/interessatb.com.br\/index.php?rest_route=%2Fwp%2Fv2%2Fmedia&parent=2623"}],"wp:term":[{"taxonomy":"category","embeddable":true,"href":"https:\/\/interessatb.com.br\/index.php?rest_route=%2Fwp%2Fv2%2Fcategories&post=2623"},{"taxonomy":"post_tag","embeddable":true,"href":"https:\/\/interessatb.com.br\/index.php?rest_route=%2Fwp%2Fv2%2Ftags&post=2623"}],"curies":[{"name":"wp","href":"https:\/\/api.w.org\/{rel}","templated":true}]}}