{"id":2626,"date":"2024-01-19T08:38:59","date_gmt":"2024-01-19T11:38:59","guid":{"rendered":"https:\/\/interessatb.com.br\/?p=2626"},"modified":"2024-01-19T08:38:59","modified_gmt":"2024-01-19T11:38:59","slug":"reserva-recebe-evento-internacional-de-ecocaminhada-em-fevereiro","status":"publish","type":"post","link":"https:\/\/interessatb.com.br\/?p=2626","title":{"rendered":"RESERVA RECEBE EVENTO INTERNACIONAL DE \u2018ECOCAMINHADA\u2019 EM FEVEREIRO"},"content":{"rendered":"\n<p>A Secretaria Municipal de Agricultura, Desenvolvimento Econ\u00f4mico e Meio Ambiente e o Governo do Estado, por meio da Secretaria Estadual de Agricultura e Abastecimento &#8211; SEAB, informa que est\u00e3o com as inscri\u00e7\u00f5es abertas, online e gratuitas&nbsp;a partir dos 12 anos da 1<sup>a<\/sup>&nbsp;Caminhada Internacional da Natureza, na regi\u00e3o da Usina Velha, no dia 25 de fevereiro a partir as 7 horas da manh\u00e3. O percurso de 14 quil\u00f4metros e a expectativa de atrair 400 praticantes amadores e profissionais do ecoturismo.<\/p>\n\n\n\n<p>A concentra\u00e7\u00e3o ser\u00e1 no Pesque e Pague Z\u00e9lio Debas com duas sa\u00eddas \u00e0s 8h30 e 9h. O evento, que faz parte do calend\u00e1rio da Federa\u00e7\u00e3o Internacional de Esportes Populares. O percurso \u00e9 considerado de esfor\u00e7o moderado com estrada e trilhas. A Prefeitura disponibilizar\u00e1 quatro pontos de apoio com banheiros qu\u00edmicos, \u00e1gua para se refrescar, apoio m\u00e9dico e outros itens. <\/p>\n\n\n\n<p>A inscri\u00e7\u00e3o pode ser feita pela internet, <a href=\"https:\/\/www.ecobooking.com.br\/eventos\/inscricaoEVS1.php?InsVS1=c8y282bfvehyczgyazpbs5itrw3a0y\">neste link<\/a>. A organiza\u00e7\u00e3o pede para que cada um trazer sua garrafa e tamb\u00e9m um 1 kg de alimento n\u00e3o perec\u00edvel, montante ser\u00e1 doado \u00e0s institui\u00e7\u00f5es sociais do munic\u00edpio. O caf\u00e9 da manh\u00e3 e o almo\u00e7o ser\u00e3o opcionais e podem ser reservados com custos de R$ 25,00 e R$ 50,00, respectivamente.<\/p>\n\n\n\n<p>Em caso de chuva forte a caminhada ser\u00e1 cancelada.<\/p>\n\n\n\n<p><em>Fonte: Adaptado de Divulga\u00e7\u00e3o PMR.<\/em><\/p>\n","protected":false},"excerpt":{"rendered":"<div class=\"mh-excerpt\"><p>A Secretaria Municipal de Agricultura, Desenvolvimento Econ\u00f4mico e Meio Ambiente e o Governo do Estado, por meio da Secretaria Estadual de Agricultura e Abastecimento &#8211; <a class=\"mh-excerpt-more\" href=\"https:\/\/interessatb.com.br\/?p=2626\" title=\"RESERVA RECEBE EVENTO INTERNACIONAL DE \u2018ECOCAMINHADA\u2019 EM FEVEREIRO\">[&#8230;]<\/a><\/p>\n<\/div>","protected":false},"author":1,"featured_media":2627,"comment_status":"closed","ping_status":"closed","sticky":false,"template":"","format":"standard","meta":{"footnotes":""},"categories":[7,14],"tags":[],"class_list":["post-2626","post","type-post","status-publish","format-standard","has-post-thumbnail","hentry","category-esporte","category-regiao"],"_links":{"self":[{"href":"https:\/\/interessatb.com.br\/index.php?rest_route=\/wp\/v2\/posts\/2626","targetHints":{"allow":["GET"]}}],"collection":[{"href":"https:\/\/interessatb.com.br\/index.php?rest_route=\/wp\/v2\/posts"}],"about":[{"href":"https:\/\/interessatb.com.br\/index.php?rest_route=\/wp\/v2\/types\/post"}],"author":[{"embeddable":true,"href":"https:\/\/interessatb.com.br\/index.php?rest_route=\/wp\/v2\/users\/1"}],"replies":[{"embeddable":true,"href":"https:\/\/interessatb.com.br\/index.php?rest_route=%2Fwp%2Fv2%2Fcomments&post=2626"}],"version-history":[{"count":1,"href":"https:\/\/interessatb.com.br\/index.php?rest_route=\/wp\/v2\/posts\/2626\/revisions"}],"predecessor-version":[{"id":2628,"href":"https:\/\/interessatb.com.br\/index.php?rest_route=\/wp\/v2\/posts\/2626\/revisions\/2628"}],"wp:featuredmedia":[{"embeddable":true,"href":"https:\/\/interessatb.com.br\/index.php?rest_route=\/wp\/v2\/media\/2627"}],"wp:attachment":[{"href":"https:\/\/interessatb.com.br\/index.php?rest_route=%2Fwp%2Fv2%2Fmedia&parent=2626"}],"wp:term":[{"taxonomy":"category","embeddable":true,"href":"https:\/\/interessatb.com.br\/index.php?rest_route=%2Fwp%2Fv2%2Fcategories&post=2626"},{"taxonomy":"post_tag","embeddable":true,"href":"https:\/\/interessatb.com.br\/index.php?rest_route=%2Fwp%2Fv2%2Ftags&post=2626"}],"curies":[{"name":"wp","href":"https:\/\/api.w.org\/{rel}","templated":true}]}}