{"id":2682,"date":"2024-02-17T06:22:36","date_gmt":"2024-02-17T09:22:36","guid":{"rendered":"https:\/\/interessatb.com.br\/?p=2682"},"modified":"2024-02-17T06:25:26","modified_gmt":"2024-02-17T09:25:26","slug":"carnaval-de-tibagi-retorna-apos-3-anos-de-ausencia","status":"publish","type":"post","link":"https:\/\/interessatb.com.br\/?p=2682","title":{"rendered":"Carnaval de Tibagi retorna, ap\u00f3s 3 anos de aus\u00eancia"},"content":{"rendered":"\n<p>Autoproclamado pelo munic\u00edpio de Tibagi como o melhor e mais tradicional carnaval do interior do Paran\u00e1, o evento atraiu turistas de regi\u00f5es distantes, como nordeste e norte do pa\u00eds, com uma programa\u00e7\u00e3o de quatro dias.<\/p>\n\n\n\n<p>Ap\u00f3s tr\u00eas anos ausentes, por conta da Pandemia da Covid-19, o carnaval de Tibagi atraiu uma multid\u00e3o para a pra\u00e7a Edmundo Mercer nos quatros dias de evento. Poucos incidentes foram registrados de acordo com a prefeitura, atribu\u00edda \u00e0 presen\u00e7a ostensiva da Pol\u00edcia Militar e da contrata\u00e7\u00e3o de empresa de seguran\u00e7a privada.<\/p>\n\n\n\n<p>O Carnaval de Tibagi pode ser festejado por toda a fam\u00edlia, com muitas crian\u00e7as presentes tanto nas duas matin\u00eas quando durante os bailes durante \u00e0 noite. Durante o intervalo da programa\u00e7\u00e3o houve celebra\u00e7\u00e3o da missa na igreja da Nossa Senhora dos Rem\u00e9dios, que fica ao lado do local do evento.<\/p>\n\n\n\n<figure class=\"wp-block-image size-large\"><img loading=\"lazy\" decoding=\"async\" width=\"1024\" height=\"678\" src=\"https:\/\/interessatb.com.br\/wp-content\/uploads\/2024\/02\/carnaval_tibagi_2024_2-1024x678.jpg\" alt=\"\" class=\"wp-image-2686\" srcset=\"https:\/\/interessatb.com.br\/wp-content\/uploads\/2024\/02\/carnaval_tibagi_2024_2-1024x678.jpg 1024w, https:\/\/interessatb.com.br\/wp-content\/uploads\/2024\/02\/carnaval_tibagi_2024_2-300x199.jpg 300w, https:\/\/interessatb.com.br\/wp-content\/uploads\/2024\/02\/carnaval_tibagi_2024_2-768x508.jpg 768w, https:\/\/interessatb.com.br\/wp-content\/uploads\/2024\/02\/carnaval_tibagi_2024_2.jpg 1243w\" sizes=\"auto, (max-width: 1024px) 100vw, 1024px\" \/><\/figure>\n\n\n\n<p><em>Fonte: Adaptado de divulga\u00e7\u00e3o PMT.<\/em><\/p>\n","protected":false},"excerpt":{"rendered":"<div class=\"mh-excerpt\"><p>Autoproclamado pelo munic\u00edpio de Tibagi como o melhor e mais tradicional carnaval do interior do Paran\u00e1, o evento atraiu turistas de regi\u00f5es distantes, como nordeste <a class=\"mh-excerpt-more\" href=\"https:\/\/interessatb.com.br\/?p=2682\" title=\"Carnaval de Tibagi retorna, ap\u00f3s 3 anos de aus\u00eancia\">[&#8230;]<\/a><\/p>\n<\/div>","protected":false},"author":1,"featured_media":2683,"comment_status":"closed","ping_status":"closed","sticky":false,"template":"","format":"standard","meta":{"footnotes":""},"categories":[19,14],"tags":[],"class_list":["post-2682","post","type-post","status-publish","format-standard","has-post-thumbnail","hentry","category-cultura","category-regiao"],"_links":{"self":[{"href":"https:\/\/interessatb.com.br\/index.php?rest_route=\/wp\/v2\/posts\/2682","targetHints":{"allow":["GET"]}}],"collection":[{"href":"https:\/\/interessatb.com.br\/index.php?rest_route=\/wp\/v2\/posts"}],"about":[{"href":"https:\/\/interessatb.com.br\/index.php?rest_route=\/wp\/v2\/types\/post"}],"author":[{"embeddable":true,"href":"https:\/\/interessatb.com.br\/index.php?rest_route=\/wp\/v2\/users\/1"}],"replies":[{"embeddable":true,"href":"https:\/\/interessatb.com.br\/index.php?rest_route=%2Fwp%2Fv2%2Fcomments&post=2682"}],"version-history":[{"count":2,"href":"https:\/\/interessatb.com.br\/index.php?rest_route=\/wp\/v2\/posts\/2682\/revisions"}],"predecessor-version":[{"id":2687,"href":"https:\/\/interessatb.com.br\/index.php?rest_route=\/wp\/v2\/posts\/2682\/revisions\/2687"}],"wp:featuredmedia":[{"embeddable":true,"href":"https:\/\/interessatb.com.br\/index.php?rest_route=\/wp\/v2\/media\/2683"}],"wp:attachment":[{"href":"https:\/\/interessatb.com.br\/index.php?rest_route=%2Fwp%2Fv2%2Fmedia&parent=2682"}],"wp:term":[{"taxonomy":"category","embeddable":true,"href":"https:\/\/interessatb.com.br\/index.php?rest_route=%2Fwp%2Fv2%2Fcategories&post=2682"},{"taxonomy":"post_tag","embeddable":true,"href":"https:\/\/interessatb.com.br\/index.php?rest_route=%2Fwp%2Fv2%2Ftags&post=2682"}],"curies":[{"name":"wp","href":"https:\/\/api.w.org\/{rel}","templated":true}]}}