{"id":2705,"date":"2024-02-19T09:07:09","date_gmt":"2024-02-19T12:07:09","guid":{"rendered":"https:\/\/interessatb.com.br\/?p=2705"},"modified":"2024-02-19T09:07:09","modified_gmt":"2024-02-19T12:07:09","slug":"indice-de-desemprego-do-parana-atinge-4-8-menor-taxa-anual-desde-2014","status":"publish","type":"post","link":"https:\/\/interessatb.com.br\/?p=2705","title":{"rendered":"\u00cdndice de desemprego do Paran\u00e1 atinge 4.8%, menor taxa anual desde 2014"},"content":{"rendered":"\n<p>O \u00edndice de desemprego continua em queda no Paran\u00e1 e em 2023 a taxa de desocupa\u00e7\u00e3o ficou em 4,8%, 1,2 ponto percentual a menos que no ano anterior, que era de 6%. \u00c9 o menor n\u00edvel para o ano desde 2014, quando o Estado chegou a um \u00edndice de 4%, como mostra a Pesquisa Nacional por Amostra de Domic\u00edlio Cont\u00ednua (PNAD Cont\u00ednua), divulgada nesta sexta-feira (16) pelo Instituto Brasileiro de Geografia e Estat\u00edstica (IBGE).<\/p>\n\n\n\n<p>A taxa paranaense tamb\u00e9m fica bem abaixo da m\u00e9dia nacional, que chegou a 7,8% no ano passado. \u00c9 a quinta melhor do Pa\u00eds, atr\u00e1s de Rond\u00f4nia (3,2%), Mato Grosso (3,3%), Santa Catarina (3,4%) e Mato Grosso do Sul (4,7%).<\/p>\n\n\n\n<p>\u201cOs bons \u00edndices econ\u00f4micos do Paran\u00e1 se refletem no mercado de trabalho, com o IBGE demonstrando mais uma vez que o Estado est\u00e1 em pleno emprego, quando h\u00e1 praticamente mais vagas dispon\u00edveis do que gente para trabalhar, o que \u00e9 um bom problema para se resolver\u201d, afirma o governador Carlos Massa Ratinho Junior.<\/p>\n\n\n\n<p>O Paran\u00e1 tamb\u00e9m atingiu, no quarto trimestre de 2023, o maior contingente de empregados no setor privado na s\u00e9rie hist\u00f3rica do IBGE, iniciada no primeiro trimestre de 2012. S\u00e3o 3,28 milh\u00f5es de pessoas, 30 mil a mais que nos tr\u00eas meses anterior e 99 mil a mais se comparado ao quarto trimestre de 2022.<\/p>\n","protected":false},"excerpt":{"rendered":"<div class=\"mh-excerpt\"><p>O \u00edndice de desemprego continua em queda no Paran\u00e1 e em 2023 a taxa de desocupa\u00e7\u00e3o ficou em 4,8%, 1,2 ponto percentual a menos que <a class=\"mh-excerpt-more\" href=\"https:\/\/interessatb.com.br\/?p=2705\" title=\"\u00cdndice de desemprego do Paran\u00e1 atinge 4.8%, menor taxa anual desde 2014\">[&#8230;]<\/a><\/p>\n<\/div>","protected":false},"author":1,"featured_media":2706,"comment_status":"closed","ping_status":"closed","sticky":false,"template":"","format":"standard","meta":{"footnotes":""},"categories":[20,12,14],"tags":[],"class_list":["post-2705","post","type-post","status-publish","format-standard","has-post-thumbnail","hentry","category-industria-e-comercio","category-parana","category-regiao"],"_links":{"self":[{"href":"https:\/\/interessatb.com.br\/index.php?rest_route=\/wp\/v2\/posts\/2705","targetHints":{"allow":["GET"]}}],"collection":[{"href":"https:\/\/interessatb.com.br\/index.php?rest_route=\/wp\/v2\/posts"}],"about":[{"href":"https:\/\/interessatb.com.br\/index.php?rest_route=\/wp\/v2\/types\/post"}],"author":[{"embeddable":true,"href":"https:\/\/interessatb.com.br\/index.php?rest_route=\/wp\/v2\/users\/1"}],"replies":[{"embeddable":true,"href":"https:\/\/interessatb.com.br\/index.php?rest_route=%2Fwp%2Fv2%2Fcomments&post=2705"}],"version-history":[{"count":1,"href":"https:\/\/interessatb.com.br\/index.php?rest_route=\/wp\/v2\/posts\/2705\/revisions"}],"predecessor-version":[{"id":2707,"href":"https:\/\/interessatb.com.br\/index.php?rest_route=\/wp\/v2\/posts\/2705\/revisions\/2707"}],"wp:featuredmedia":[{"embeddable":true,"href":"https:\/\/interessatb.com.br\/index.php?rest_route=\/wp\/v2\/media\/2706"}],"wp:attachment":[{"href":"https:\/\/interessatb.com.br\/index.php?rest_route=%2Fwp%2Fv2%2Fmedia&parent=2705"}],"wp:term":[{"taxonomy":"category","embeddable":true,"href":"https:\/\/interessatb.com.br\/index.php?rest_route=%2Fwp%2Fv2%2Fcategories&post=2705"},{"taxonomy":"post_tag","embeddable":true,"href":"https:\/\/interessatb.com.br\/index.php?rest_route=%2Fwp%2Fv2%2Ftags&post=2705"}],"curies":[{"name":"wp","href":"https:\/\/api.w.org\/{rel}","templated":true}]}}