{"id":2727,"date":"2024-02-27T09:33:54","date_gmt":"2024-02-27T12:33:54","guid":{"rendered":"https:\/\/interessatb.com.br\/?p=2727"},"modified":"2024-02-27T09:34:34","modified_gmt":"2024-02-27T12:34:34","slug":"parana-abre-inscricoes-para-intercambio-de-professores-do-ensino-fundamental-nos-eua","status":"publish","type":"post","link":"https:\/\/interessatb.com.br\/?p=2727","title":{"rendered":"Paran\u00e1 abre inscri\u00e7\u00f5es para interc\u00e2mbio de professores do ensino fundamental nos EUA"},"content":{"rendered":"\n<p>O Governo do Estado divulgou nesta segunda-feira (26) o per\u00edodo de inscri\u00e7\u00f5es para professores do ensino fundamental das redes de ensino p\u00fablica e privada do Paran\u00e1 atuarem, por tr\u00eas anos, em um\u00a0<a href=\"https:\/\/www.seti.pr.gov.br\/Pagina\/Intercambio-de-Professores-no-Estado-de-Utah-EUA-2024\" target=\"_blank\" rel=\"noreferrer noopener\">programa de interc\u00e2mbio em cidades do estado de Utah<\/a>, no Oeste dos Estados Unidos.\u00a0<\/p>\n\n\n\n<p>Os profissionais selecionados ir\u00e3o ensinar l\u00edngua portuguesa para crian\u00e7as da rede p\u00fablica de ensino norte-americana da 1\u00aa \u00e0 9\u00aa s\u00e9rie com alunos entre 6 e 15 anos de idade. As inscri\u00e7\u00f5es s\u00e3o gratuitas e seguem at\u00e9 11 de mar\u00e7o, com in\u00edcio das atividades profissionais previstas para agosto.<\/p>\n\n\n\n<p>Com o objetivo de promover a oportunidade de crescimento profissional e pessoal para os professores paranaenses, a iniciativa \u00e9 parte do Programa de Educa\u00e7\u00e3o e Imers\u00e3o em L\u00edngua Portuguesa do Estado de Utah. A a\u00e7\u00e3o tem amparo em um memorando de entendimento firmado em 2015 entre a Secretaria da Ci\u00eancia, Tecnologia e Ensino Superior do Paran\u00e1 (Seti) e a Secretaria de Educa\u00e7\u00e3o de Utah.<\/p>\n\n\n\n<p>Conforme o\u00a0<a href=\"https:\/\/www.seti.pr.gov.br\/sites\/default\/arquivos_restritos\/files\/documento\/2024-02\/edital-parana_utah-intercambio_professores_eua-2024.pdf\" target=\"_blank\" rel=\"noreferrer noopener\">edital de 2024<\/a>, os docentes devem apresentar t\u00edtulos de gradua\u00e7\u00e3o de licenciatura em pedagogia, letras ou \u00e1reas relacionadas. Tamb\u00e9m \u00e9 necess\u00e1rio comprovar experi\u00eancia did\u00e1tica como professor de ensino fundamental durante os \u00faltimos tr\u00eas anos, em escolas paranaenses p\u00fablicas ou privadas.<\/p>\n\n\n\n<p><strong>SELE\u00c7\u00c3O<\/strong><\/p>\n\n\n\n<p>Composta por tr\u00eas etapas eliminat\u00f3rias, a sele\u00e7\u00e3o \u00e9 conduzida pela equipe norte-americana de Utah. A primeira fase \u00e9 a an\u00e1lise dos documentos enviados por meio de\u00a0<a href=\"https:\/\/docs.google.com\/forms\/d\/e\/1FAIpQLSfooLmPABhgBqN8b3WPW6NIod_IMpel1s88yMRsh5TdLxOvkw\/viewform\" target=\"_blank\" rel=\"noreferrer noopener\">formul\u00e1rio online<\/a>. Na sequ\u00eancia, os professores passam por entrevistas em ingl\u00eas e por uma avalia\u00e7\u00e3o em v\u00eddeo, da experi\u00eancia did\u00e1tica com alunos do ensino fundamental.<\/p>\n\n\n\n<p><em>Fonte: Adaptado de AEN\/PR<\/em><\/p>\n","protected":false},"excerpt":{"rendered":"<div class=\"mh-excerpt\"><p>O Governo do Estado divulgou nesta segunda-feira (26) o per\u00edodo de inscri\u00e7\u00f5es para professores do ensino fundamental das redes de ensino p\u00fablica e privada do <a class=\"mh-excerpt-more\" href=\"https:\/\/interessatb.com.br\/?p=2727\" title=\"Paran\u00e1 abre inscri\u00e7\u00f5es para interc\u00e2mbio de professores do ensino fundamental nos EUA\">[&#8230;]<\/a><\/p>\n<\/div>","protected":false},"author":1,"featured_media":2728,"comment_status":"closed","ping_status":"closed","sticky":false,"template":"","format":"standard","meta":{"footnotes":""},"categories":[5,12,14],"tags":[],"class_list":["post-2727","post","type-post","status-publish","format-standard","has-post-thumbnail","hentry","category-educacao","category-parana","category-regiao"],"_links":{"self":[{"href":"https:\/\/interessatb.com.br\/index.php?rest_route=\/wp\/v2\/posts\/2727","targetHints":{"allow":["GET"]}}],"collection":[{"href":"https:\/\/interessatb.com.br\/index.php?rest_route=\/wp\/v2\/posts"}],"about":[{"href":"https:\/\/interessatb.com.br\/index.php?rest_route=\/wp\/v2\/types\/post"}],"author":[{"embeddable":true,"href":"https:\/\/interessatb.com.br\/index.php?rest_route=\/wp\/v2\/users\/1"}],"replies":[{"embeddable":true,"href":"https:\/\/interessatb.com.br\/index.php?rest_route=%2Fwp%2Fv2%2Fcomments&post=2727"}],"version-history":[{"count":1,"href":"https:\/\/interessatb.com.br\/index.php?rest_route=\/wp\/v2\/posts\/2727\/revisions"}],"predecessor-version":[{"id":2729,"href":"https:\/\/interessatb.com.br\/index.php?rest_route=\/wp\/v2\/posts\/2727\/revisions\/2729"}],"wp:featuredmedia":[{"embeddable":true,"href":"https:\/\/interessatb.com.br\/index.php?rest_route=\/wp\/v2\/media\/2728"}],"wp:attachment":[{"href":"https:\/\/interessatb.com.br\/index.php?rest_route=%2Fwp%2Fv2%2Fmedia&parent=2727"}],"wp:term":[{"taxonomy":"category","embeddable":true,"href":"https:\/\/interessatb.com.br\/index.php?rest_route=%2Fwp%2Fv2%2Fcategories&post=2727"},{"taxonomy":"post_tag","embeddable":true,"href":"https:\/\/interessatb.com.br\/index.php?rest_route=%2Fwp%2Fv2%2Ftags&post=2727"}],"curies":[{"name":"wp","href":"https:\/\/api.w.org\/{rel}","templated":true}]}}