{"id":2736,"date":"2024-02-28T17:02:16","date_gmt":"2024-02-28T20:02:16","guid":{"rendered":"https:\/\/interessatb.com.br\/?p=2736"},"modified":"2024-03-22T07:23:11","modified_gmt":"2024-03-22T10:23:11","slug":"forum-de-ciencia-tecnologia-e-inovacao-de-telemaco-borba-realiza-primeira-reuniao-de-2024","status":"publish","type":"post","link":"https:\/\/interessatb.com.br\/?p=2736","title":{"rendered":"F\u00f3rum de Ci\u00eancia, Tecnologia e Inova\u00e7\u00e3o de Tel\u00eamaco Borba realiza primeira reuni\u00e3o de 2024"},"content":{"rendered":"\n<p>Aconteceu neste dia 28 o primeiro encontro deste ano do F\u00f3rum de Ci\u00eancia, Tecnologia e Inova\u00e7\u00e3o ConecTB. O f\u00f3rum foi criado com o prop\u00f3sito de fortalecer e consolidar o ecossistema local de inova\u00e7\u00e3o de Tel\u00eamaco Borba, na busca de elevar o desenvolvimento socioecon\u00f4mico e aumentar a integra\u00e7\u00e3o dos atores j\u00e1 existentes.<\/p>\n\n\n\n<p>Dentre estes atores est\u00e3o representantes do IFPR Campus Tel\u00eamaco Borba, ACITEL, Prefeitura Municipal de Tel\u00eamaco Borba, UNIFATEB, empres\u00e1rios locais, Polo Digital Gralha Azul, SEBRAE, SENAI, Comit\u00ea Gestor Vale do Tibagi, Universidade Estadual de Ponta Grossa, SESI,  al\u00e9m de lideran\u00e7as e pessoas comprometidas com o desenvolvimento da cidade. <\/p>\n\n\n\n<p>O evento abordou o alinhamento de calend\u00e1rio e a defini\u00e7\u00e3o de metas para os pr\u00f3ximos 20 anos, at\u00e9 completar a &#8220;Agenda 2043&#8221;. Destinado a impulsionar a inova\u00e7\u00e3o na cidade, o f\u00f3rum proporcionou um espa\u00e7o para a discuss\u00e3o de estrat\u00e9gias e iniciativas voltadas ao progresso empresarial e tecnol\u00f3gico local.<\/p>\n\n\n\n<p>Como resultado da reuni\u00e3o foi deliberada a necessidade de capacita\u00e7\u00e3o dos participantes do ConecTB em rela\u00e7\u00e3o ao ecossistema de inova\u00e7\u00e3o local e ajustar as estrat\u00e9gias delineadas no ano de 2023. A colabora\u00e7\u00e3o entre institui\u00e7\u00f5es locais e regionais foi destacada como fundamental para maximizar o impacto das iniciativas cient\u00edficas e garantir sua sustentabilidade no longo prazo.<\/p>\n\n\n\n<figure class=\"wp-block-image size-large\"><img loading=\"lazy\" decoding=\"async\" width=\"1024\" height=\"710\" src=\"https:\/\/interessatb.com.br\/wp-content\/uploads\/2024\/02\/image-1-1024x710.png\" alt=\"\" class=\"wp-image-2742\" srcset=\"https:\/\/interessatb.com.br\/wp-content\/uploads\/2024\/02\/image-1-1024x710.png 1024w, https:\/\/interessatb.com.br\/wp-content\/uploads\/2024\/02\/image-1-300x208.png 300w, https:\/\/interessatb.com.br\/wp-content\/uploads\/2024\/02\/image-1-768x533.png 768w, https:\/\/interessatb.com.br\/wp-content\/uploads\/2024\/02\/image-1.png 1146w\" sizes=\"auto, (max-width: 1024px) 100vw, 1024px\" \/><\/figure>\n\n\n\n<p>Embora o  grupo inicial tenha se constitu\u00eddo a mais tempo,  o F\u00f3rum de Ci\u00eancia, Tecnologia e Inova\u00e7\u00e3o &#8211; ConecTB consolidou-se h\u00e1 menos de 1 ano, possuindo ata de funda\u00e7\u00e3o e estatuto, e se estrutura para contribuir de forma sustent\u00e1vel e permanente no munic\u00edpio, com o prop\u00f3sito de preparar a comunidade local para competir e se destacar no cen\u00e1rio nacional e at\u00e9 internacional, como refer\u00eancia em ecossistema de tecnologia.<\/p>\n\n\n\n<p>As reuni\u00f5es s\u00e3o abertas \u00e0 comunidade e lideran\u00e7as interessadas em contribuir e acompanhar os trabalhos do f\u00f3rum.<\/p>\n","protected":false},"excerpt":{"rendered":"<div class=\"mh-excerpt\"><p>Aconteceu neste dia 28 o primeiro encontro deste ano do F\u00f3rum de Ci\u00eancia, Tecnologia e Inova\u00e7\u00e3o ConecTB. O f\u00f3rum foi criado com o prop\u00f3sito de <a class=\"mh-excerpt-more\" href=\"https:\/\/interessatb.com.br\/?p=2736\" title=\"F\u00f3rum de Ci\u00eancia, Tecnologia e Inova\u00e7\u00e3o de Tel\u00eamaco Borba realiza primeira reuni\u00e3o de 2024\">[&#8230;]<\/a><\/p>\n<\/div>","protected":false},"author":1,"featured_media":2737,"comment_status":"closed","ping_status":"closed","sticky":false,"template":"","format":"standard","meta":{"footnotes":""},"categories":[2,18],"tags":[],"class_list":["post-2736","post","type-post","status-publish","format-standard","has-post-thumbnail","hentry","category-cidade","category-ciencia-e-tecnologia"],"_links":{"self":[{"href":"https:\/\/interessatb.com.br\/index.php?rest_route=\/wp\/v2\/posts\/2736","targetHints":{"allow":["GET"]}}],"collection":[{"href":"https:\/\/interessatb.com.br\/index.php?rest_route=\/wp\/v2\/posts"}],"about":[{"href":"https:\/\/interessatb.com.br\/index.php?rest_route=\/wp\/v2\/types\/post"}],"author":[{"embeddable":true,"href":"https:\/\/interessatb.com.br\/index.php?rest_route=\/wp\/v2\/users\/1"}],"replies":[{"embeddable":true,"href":"https:\/\/interessatb.com.br\/index.php?rest_route=%2Fwp%2Fv2%2Fcomments&post=2736"}],"version-history":[{"count":6,"href":"https:\/\/interessatb.com.br\/index.php?rest_route=\/wp\/v2\/posts\/2736\/revisions"}],"predecessor-version":[{"id":2745,"href":"https:\/\/interessatb.com.br\/index.php?rest_route=\/wp\/v2\/posts\/2736\/revisions\/2745"}],"wp:featuredmedia":[{"embeddable":true,"href":"https:\/\/interessatb.com.br\/index.php?rest_route=\/wp\/v2\/media\/2737"}],"wp:attachment":[{"href":"https:\/\/interessatb.com.br\/index.php?rest_route=%2Fwp%2Fv2%2Fmedia&parent=2736"}],"wp:term":[{"taxonomy":"category","embeddable":true,"href":"https:\/\/interessatb.com.br\/index.php?rest_route=%2Fwp%2Fv2%2Fcategories&post=2736"},{"taxonomy":"post_tag","embeddable":true,"href":"https:\/\/interessatb.com.br\/index.php?rest_route=%2Fwp%2Fv2%2Ftags&post=2736"}],"curies":[{"name":"wp","href":"https:\/\/api.w.org\/{rel}","templated":true}]}}