{"id":2753,"date":"2024-03-22T07:12:08","date_gmt":"2024-03-22T10:12:08","guid":{"rendered":"https:\/\/interessatb.com.br\/?p=2753"},"modified":"2024-03-22T07:12:35","modified_gmt":"2024-03-22T10:12:35","slug":"antiga-fabrica-de-curitiba-vai-abrigar-um-dos-maiores-hubs-de-inovacao-da-america-latina","status":"publish","type":"post","link":"https:\/\/interessatb.com.br\/?p=2753","title":{"rendered":"Antiga f\u00e1brica de Curitiba vai abrigar um dos maiores hubs de inova\u00e7\u00e3o da Am\u00e9rica Latina"},"content":{"rendered":"\n<p>A antiga f\u00e1brica da Ambev, no bairro Rebou\u00e7as, em Curitiba, vai se transformar em um centro voltado para a inova\u00e7\u00e3o, tecnologia e economia criativa. A nove dias do anivers\u00e1rio de 331 anos da Capital, o governador Carlos Massa Ratinho Junior apresentou nesta quarta-feira (20) o projeto da F\u00e1brica de Ideias, um hub de tecnologia que vai reunir empresas, startups e espa\u00e7os de cultura e lazer, al\u00e9m de revitalizar o terreno hist\u00f3rico que fica no antigo polo industrial da cidade.<\/p>\n\n\n\n<p>O terreno de mais de 50 mil metros quadrados ser\u00e1 todo remodelado para abrigar o espa\u00e7o, que vai receber R$ 200 milh\u00f5es em investimentos, com apoio da Audi do Brasil, e ter\u00e1 34 mil metros quadrados de \u00e1rea constru\u00edda. A gest\u00e3o da F\u00e1brica de Ideias deve ser realizada pela iniciativa privada, com governan\u00e7a colaborativa entre as lideran\u00e7as do ecossistema de inova\u00e7\u00e3o da Capital.<\/p>\n\n\n\n<p>O im\u00f3vel, que ocupa a superquadra entre as avenidas Get\u00falio Vargas e Igua\u00e7u, ser\u00e1 totalmente revitalizado com conceito autossustent\u00e1vel e ecol\u00f3gico. \u201cEstamos fazendo algo maior, com a reurbaniza\u00e7\u00e3o dessa regi\u00e3o, dando mais vida ao Rebou\u00e7as com uma pitada de cultura e reconhecimento hist\u00f3rico a quem ajudou o Paran\u00e1 a se tornar o que somos\u201d, salientou Ratinho Junior. \u201cTudo isso para que os nossos jovens possam trabalhar aqui, aprender sobre inova\u00e7\u00e3o, mas tamb\u00e9m aprender sobre cultura, hist\u00f3ria e comunica\u00e7\u00e3o\u201d.<\/p>\n\n\n\n<p>Para o prefeito de Curitiba, Rafael Greca, o projeto mostra uma tend\u00eancia que acontece em v\u00e1rias metr\u00f3poles do globo, com a revitaliza\u00e7\u00e3o de espa\u00e7os hist\u00f3ricos para se tornarem centros de conviv\u00eancia e inova\u00e7\u00e3o. \u201cEstamos celebrando esse projeto que est\u00e1 fazendo um redesenho urbano em uma \u00e1rea muito importante da nossa Capital, com outros projetos semelhantes no entorno, como o Vale do Pinh\u00e3o, que ocupa a antiga f\u00e1brica da Fontana\u201d, disse.<\/p>\n\n\n\n<p>O espa\u00e7o ser\u00e1 voltado para acelera\u00e7\u00e3o de empresas e startups, incubadora de neg\u00f3cios, economia criativa, qualifica\u00e7\u00e3o profissional, desenvolvimento de pesquisas tecnol\u00f3gicas e de projetos de institui\u00e7\u00f5es de ensino, laborat\u00f3rios, gamifica\u00e7\u00e3o, espa\u00e7o coworking, al\u00e9m de um novo centro cultural e gastron\u00f4mico.<\/p>\n\n\n\n<p>Al\u00e9m de ser um centro de inova\u00e7\u00e3o e tecnologia, o local tamb\u00e9m vai abrigar espa\u00e7os de cultura e lazer, sediando mostras do Museu de Arte Contempor\u00e2nea do Paran\u00e1 (MAC) e do Museu da Imagem e do Som (MIS), al\u00e9m de um espa\u00e7o cultural que deve unir arte, comunica\u00e7\u00e3o e intelig\u00eancia artificial. Tamb\u00e9m deve contar com audit\u00f3rio e um centro de gastronomia, o Boulevard Alfred Agache, que homenageia o arquiteto franc\u00eas respons\u00e1vel pelos projetos iniciais do Centro C\u00edvico de Curitiba.<\/p>\n\n\n<div class=\"wp-block-image\">\n<figure class=\"aligncenter size-large\"><img loading=\"lazy\" decoding=\"async\" width=\"1024\" height=\"665\" src=\"https:\/\/interessatb.com.br\/wp-content\/uploads\/2024\/03\/Hub-de-Inovacao-Curitiba-2024_02-1024x665.jpg\" alt=\"\" class=\"wp-image-2756\" srcset=\"https:\/\/interessatb.com.br\/wp-content\/uploads\/2024\/03\/Hub-de-Inovacao-Curitiba-2024_02-1024x665.jpg 1024w, https:\/\/interessatb.com.br\/wp-content\/uploads\/2024\/03\/Hub-de-Inovacao-Curitiba-2024_02-300x195.jpg 300w, https:\/\/interessatb.com.br\/wp-content\/uploads\/2024\/03\/Hub-de-Inovacao-Curitiba-2024_02-768x499.jpg 768w, https:\/\/interessatb.com.br\/wp-content\/uploads\/2024\/03\/Hub-de-Inovacao-Curitiba-2024_02.jpg 1396w\" sizes=\"auto, (max-width: 1024px) 100vw, 1024px\" \/><figcaption class=\"wp-element-caption\">Antiga f\u00e1brica de Curitiba vai abrigar um dos maiores hubs de inova\u00e7\u00e3o da Am\u00e9rica Latina<br>Foto: Jonathan Campos\/AEN<\/figcaption><\/figure>\n<\/div>\n\n\n<p><em>Fonte: AEN\/PR.<\/em><\/p>\n","protected":false},"excerpt":{"rendered":"<div class=\"mh-excerpt\"><p>A antiga f\u00e1brica da Ambev, no bairro Rebou\u00e7as, em Curitiba, vai se transformar em um centro voltado para a inova\u00e7\u00e3o, tecnologia e economia criativa. A <a class=\"mh-excerpt-more\" href=\"https:\/\/interessatb.com.br\/?p=2753\" title=\"Antiga f\u00e1brica de Curitiba vai abrigar um dos maiores hubs de inova\u00e7\u00e3o da Am\u00e9rica Latina\">[&#8230;]<\/a><\/p>\n<\/div>","protected":false},"author":1,"featured_media":2755,"comment_status":"closed","ping_status":"closed","sticky":false,"template":"","format":"standard","meta":{"footnotes":""},"categories":[18,4,12,14],"tags":[],"class_list":["post-2753","post","type-post","status-publish","format-standard","has-post-thumbnail","hentry","category-ciencia-e-tecnologia","category-economia","category-parana","category-regiao"],"_links":{"self":[{"href":"https:\/\/interessatb.com.br\/index.php?rest_route=\/wp\/v2\/posts\/2753","targetHints":{"allow":["GET"]}}],"collection":[{"href":"https:\/\/interessatb.com.br\/index.php?rest_route=\/wp\/v2\/posts"}],"about":[{"href":"https:\/\/interessatb.com.br\/index.php?rest_route=\/wp\/v2\/types\/post"}],"author":[{"embeddable":true,"href":"https:\/\/interessatb.com.br\/index.php?rest_route=\/wp\/v2\/users\/1"}],"replies":[{"embeddable":true,"href":"https:\/\/interessatb.com.br\/index.php?rest_route=%2Fwp%2Fv2%2Fcomments&post=2753"}],"version-history":[{"count":1,"href":"https:\/\/interessatb.com.br\/index.php?rest_route=\/wp\/v2\/posts\/2753\/revisions"}],"predecessor-version":[{"id":2757,"href":"https:\/\/interessatb.com.br\/index.php?rest_route=\/wp\/v2\/posts\/2753\/revisions\/2757"}],"wp:featuredmedia":[{"embeddable":true,"href":"https:\/\/interessatb.com.br\/index.php?rest_route=\/wp\/v2\/media\/2755"}],"wp:attachment":[{"href":"https:\/\/interessatb.com.br\/index.php?rest_route=%2Fwp%2Fv2%2Fmedia&parent=2753"}],"wp:term":[{"taxonomy":"category","embeddable":true,"href":"https:\/\/interessatb.com.br\/index.php?rest_route=%2Fwp%2Fv2%2Fcategories&post=2753"},{"taxonomy":"post_tag","embeddable":true,"href":"https:\/\/interessatb.com.br\/index.php?rest_route=%2Fwp%2Fv2%2Ftags&post=2753"}],"curies":[{"name":"wp","href":"https:\/\/api.w.org\/{rel}","templated":true}]}}