{"id":2765,"date":"2024-03-27T06:02:01","date_gmt":"2024-03-27T09:02:01","guid":{"rendered":"https:\/\/interessatb.com.br\/?p=2765"},"modified":"2024-05-01T07:38:45","modified_gmt":"2024-05-01T10:38:45","slug":"ifpr-emite-nota-a-comunidade-sobre-a-greve-de-seus-servidores","status":"publish","type":"post","link":"https:\/\/interessatb.com.br\/?p=2765","title":{"rendered":"IFPR emite nota \u00e0 comunidade sobre a greve de seus servidores"},"content":{"rendered":"\n<p>Em nota o reitor do Instituto Federal do Paran\u00e1, Adriano Willian da Silva Viana Pereira, emite posicionamento da institui\u00e7\u00e3o em rela\u00e7\u00e3o \u00e0 deflagra\u00e7\u00e3o da greve de seus seus professores e t\u00e9cnico-administrativos. Os servidores do Campus de Tel\u00eamaco Borba est\u00e3o em greve desde o dia 25 deste m\u00eas, com ades\u00e3o ainda parcial at\u00e9 o momento.<\/p>\n\n\n\n<p><strong>O que diz a nota<\/strong><\/p>\n\n\n\n<p>&#8220;Considerando a decis\u00e3o do Sindicato dos Trabalhadores da Educa\u00e7\u00e3o Profissional do Paran\u00e1, Sindiedutec, que ap\u00f3s Assembleia realizada no dia 19 de mar\u00e7o, deflagrou a realiza\u00e7\u00e3o de greve a partir do dia 25 de mar\u00e7o, o Reitor do IFPR, consciente da import\u00e2ncia do trabalho realizado pelos t\u00e9cnicos administrativos em educa\u00e7\u00e3o e pelos professores EBTT, vem a p\u00fablico manifestar que o direito de greve \u00e9 constitucional e que cabe a cada servidor a decis\u00e3o pela ades\u00e3o ao movimento. Ressaltamos que as pautas elencadas pelas categorias s\u00e3o leg\u00edtimas. Elas t\u00eam como cerne a reestrutura\u00e7\u00e3o da carreira PCCTAE e EBTT, al\u00e9m da reposi\u00e7\u00e3o salarial e garantia de melhores condi\u00e7\u00f5es de trabalho. Por isso, em resposta ao Of\u00edcio 53\/2024, informamos que: a gest\u00e3o abrir\u00e1 um canal de negocia\u00e7\u00e3o e di\u00e1logo permanente com o Sindiedutec; a gest\u00e3o encaminhar\u00e1 junto \u00e0s inst\u00e2ncias superiores as reivindica\u00e7\u00f5es de ambas as categorias; a gest\u00e3o garantir\u00e1 o direito \u00e0 manifesta\u00e7\u00e3o e \u00e0 reivindica\u00e7\u00e3o dos trabalhadores e buscar\u00e1, ap\u00f3s a greve, formas justas de reposi\u00e7\u00e3o do trabalho, dentro dos par\u00e2metros legais estabelecidos. Ressaltamos que a valoriza\u00e7\u00e3o dos servidores \u00e9 essencial para o desenvolvimento educacional das Institui\u00e7\u00f5es e que a garantia da oferta de educa\u00e7\u00e3o profissional p\u00fablica e de qualidade \u00e9 uma causa que une a todos!&#8221;<\/p>\n\n\n\n<p>Segundo o o sindicato da categoria no Paran\u00e1, Sindiedutec, as negocia\u00e7\u00f5es com o governo federal ap\u00f3s tr\u00eas rodadas de negocia\u00e7\u00e3o e sete reuni\u00f5es durante este ano, n\u00e3o chegaram a uma proposta que atenda os anseios da categoria. Conforme a Federa\u00e7\u00e3o de Sindicatos de Professores e Professoras de Institui\u00e7\u00f5es Federais de Ensino Superior e de Ensino B\u00e1sico T\u00e9cnico e Tecnol\u00f3gico &#8211; PROIFES, a proposta do governo sequer rep\u00f5e a infla\u00e7\u00e3o acumulada dos \u00faltimos anos. Conforme o Of\u00edcio 53\/2024 emitido pelo Sindiedutec, datado de 21 de mar\u00e7o, \u00e9 relatado que o PROIFES estabeleceu o movimento at\u00e9 maio, quando se encerrariam as negocia\u00e7\u00f5es.<\/p>\n\n\n\n<p><strong>A pauta do movimento de greve<\/strong><\/p>\n\n\n\n<p>Inclus\u00e3o de or\u00e7amento para recomposi\u00e7\u00e3o salarial de t\u00e9cnicos e professores, reestrutura\u00e7\u00e3o da carreira e cumprimento do piso salarial nacional da categoria, garantia de reajuste de aux\u00edlio alimenta\u00e7\u00e3o, creche e sa\u00fade equiparando \u00e0s carreiras do Legislativo e Judici\u00e1rio, revoga\u00e7\u00e3o da portaria 983\/2020-MEC que imp\u00f5e novas exig\u00eancias das atividades docentes, e reconhecimento de saberes e compet\u00eancias na carreira dos t\u00e9cnicos administrativos dos Institutos Federais.<\/p>\n\n\n\n<p><strong>Como fica a greve no Campus de Tel\u00eamaco Borba<\/strong><\/p>\n\n\n\n<p>Em vota\u00e7\u00e3o realizada por meio eletr\u00f4nico, metodologia aprovada em assembleia pelo Sindiedutec PR no dia 08 de mar\u00e7o deste ano, foi decidido o in\u00edcio da greve a partir do dia 25 de mar\u00e7o, segunda-feira desta semana. At\u00e9 o dia de hoje, 27, a ades\u00e3o no Campus de Tel\u00eamaco Borba tem sido parcial por parte dos professores. Isto significa que os alunos ter\u00e3o algumas aulas e outras n\u00e3o. Segundo o movimento de greve a ades\u00e3o tem aumentado a cada dia.<\/p>\n\n\n\n<p>Nesta quarta-feira o comando de greve local estar\u00e1 em viagem \u00e0 Curitiba para uma reuni\u00e3o estadual, ap\u00f3s a qual novas orienta\u00e7\u00f5es e direcionamento da greve ser\u00e3o informados. Como amanh\u00e3, dia 28\/03 \u00e9 recesso no calend\u00e1rio da institui\u00e7\u00e3o e sexta-feira \u00e9 feriado nacional, espera-se maiores esclarecimentos a partir da pr\u00f3xima segunda-feira, 01\/04.<\/p>\n\n\n\n<p>A dire\u00e7\u00e3o do campus local informou em nota que entre os dias 01 e 05 de abril as aulas do n\u00edvel t\u00e9cnico estar\u00e3o suspensas. J\u00e1 as aulas do n\u00edvel superior seguem normalmente na pr\u00f3xima semana.<\/p>\n","protected":false},"excerpt":{"rendered":"<div class=\"mh-excerpt\"><p>Em nota o reitor do Instituto Federal do Paran\u00e1, Adriano Willian da Silva Viana Pereira, emite posicionamento da institui\u00e7\u00e3o em rela\u00e7\u00e3o \u00e0 deflagra\u00e7\u00e3o da greve <a class=\"mh-excerpt-more\" href=\"https:\/\/interessatb.com.br\/?p=2765\" title=\"IFPR emite nota \u00e0 comunidade sobre a greve de seus servidores\">[&#8230;]<\/a><\/p>\n<\/div>","protected":false},"author":1,"featured_media":2766,"comment_status":"closed","ping_status":"closed","sticky":false,"template":"","format":"standard","meta":{"footnotes":""},"categories":[2,5],"tags":[],"class_list":["post-2765","post","type-post","status-publish","format-standard","has-post-thumbnail","hentry","category-cidade","category-educacao"],"_links":{"self":[{"href":"https:\/\/interessatb.com.br\/index.php?rest_route=\/wp\/v2\/posts\/2765","targetHints":{"allow":["GET"]}}],"collection":[{"href":"https:\/\/interessatb.com.br\/index.php?rest_route=\/wp\/v2\/posts"}],"about":[{"href":"https:\/\/interessatb.com.br\/index.php?rest_route=\/wp\/v2\/types\/post"}],"author":[{"embeddable":true,"href":"https:\/\/interessatb.com.br\/index.php?rest_route=\/wp\/v2\/users\/1"}],"replies":[{"embeddable":true,"href":"https:\/\/interessatb.com.br\/index.php?rest_route=%2Fwp%2Fv2%2Fcomments&post=2765"}],"version-history":[{"count":2,"href":"https:\/\/interessatb.com.br\/index.php?rest_route=\/wp\/v2\/posts\/2765\/revisions"}],"predecessor-version":[{"id":2774,"href":"https:\/\/interessatb.com.br\/index.php?rest_route=\/wp\/v2\/posts\/2765\/revisions\/2774"}],"wp:featuredmedia":[{"embeddable":true,"href":"https:\/\/interessatb.com.br\/index.php?rest_route=\/wp\/v2\/media\/2766"}],"wp:attachment":[{"href":"https:\/\/interessatb.com.br\/index.php?rest_route=%2Fwp%2Fv2%2Fmedia&parent=2765"}],"wp:term":[{"taxonomy":"category","embeddable":true,"href":"https:\/\/interessatb.com.br\/index.php?rest_route=%2Fwp%2Fv2%2Fcategories&post=2765"},{"taxonomy":"post_tag","embeddable":true,"href":"https:\/\/interessatb.com.br\/index.php?rest_route=%2Fwp%2Fv2%2Ftags&post=2765"}],"curies":[{"name":"wp","href":"https:\/\/api.w.org\/{rel}","templated":true}]}}