{"id":2782,"date":"2024-04-09T07:36:18","date_gmt":"2024-04-09T10:36:18","guid":{"rendered":"https:\/\/interessatb.com.br\/?p=2782"},"modified":"2024-04-09T07:36:18","modified_gmt":"2024-04-09T10:36:18","slug":"feira-da-lua-apoia-empreendedores-locais-e-se-torna-nova-opcao-de-encontro-da-comunidade","status":"publish","type":"post","link":"https:\/\/interessatb.com.br\/?p=2782","title":{"rendered":"Feira da Lua apoia empreendedores locais e se torna nova op\u00e7\u00e3o de encontro da comunidade"},"content":{"rendered":"\n<p>A mais recente edi\u00e7\u00e3o da Feira da Lua, realizada nos dias 4 e 5 de abril, no sagu\u00e3o da Rodovi\u00e1ria contou com uma grande participa\u00e7\u00e3o do p\u00fablico. O evento \u00e9 um esfor\u00e7o do munic\u00edpio para fortalecer o empreendedorismo local e da cultura regional.<\/p>\n\n\n\n<p>Josemir Zanetti, coordenador do evento, destaca que a cada edi\u00e7\u00e3o o p\u00fablico demonstra um apoio crescente aos empreendedores locais, incentivando-os a permanecer no empreendimento.<\/p>\n\n\n\n<p>Um dos pontos altos da Feira da Lua foi, sem d\u00favida, a diversidade e qualidade da pra\u00e7a da alimenta\u00e7\u00e3o. Desde pratos tradicionais at\u00e9 del\u00edcias culin\u00e1rias mais elaboradas, havia algo para satisfazer todos os paladares. Os visitantes puderam desfrutar da gastronomia ofertada, apreciando os sabores aut\u00eanticos da nossa regi\u00e3o.<\/p>\n\n\n\n<p>Al\u00e9m disso, os produtos oferecidos pelos artes\u00e3os locais tamb\u00e9m receberam muitos elogios. A qualidade, criatividade e originalidade das pe\u00e7as artesanais impressionaram os visitantes. Os artistas que expuseram seu trabalho est\u00e3o conquistando cada dia mais espa\u00e7o entre os consumidores de sua arte.<\/p>\n\n\n\n<p>A Feira da Lua continua a se firmar como um ponto de encontro essencial em nossa comunidade, onde a diversidade, criatividade e talento local s\u00e3o seu ponto alto. \u201cAgradecemos a todos que compareceram e fizeram desta edi\u00e7\u00e3o mais um sucesso memor\u00e1vel. Esperamos v\u00ea-los novamente em futuras edi\u00e7\u00f5es, celebrando juntos o melhor que nossa comunidade tem a oferecer\u201d, conclui o secret\u00e1rio municipal do Trabalho e Ind\u00fastria, Weliton Franco.<\/p>\n\n\n\n<p><em>Fonte: Adaptado de Divulga\u00e7\u00e3o PMTB.<\/em><\/p>\n","protected":false},"excerpt":{"rendered":"<div class=\"mh-excerpt\"><p>A mais recente edi\u00e7\u00e3o da Feira da Lua, realizada nos dias 4 e 5 de abril, no sagu\u00e3o da Rodovi\u00e1ria contou com uma grande participa\u00e7\u00e3o <a class=\"mh-excerpt-more\" href=\"https:\/\/interessatb.com.br\/?p=2782\" title=\"Feira da Lua apoia empreendedores locais e se torna nova op\u00e7\u00e3o de encontro da comunidade\">[&#8230;]<\/a><\/p>\n<\/div>","protected":false},"author":1,"featured_media":2783,"comment_status":"closed","ping_status":"closed","sticky":false,"template":"","format":"standard","meta":{"footnotes":""},"categories":[2,20],"tags":[],"class_list":["post-2782","post","type-post","status-publish","format-standard","has-post-thumbnail","hentry","category-cidade","category-industria-e-comercio"],"_links":{"self":[{"href":"https:\/\/interessatb.com.br\/index.php?rest_route=\/wp\/v2\/posts\/2782","targetHints":{"allow":["GET"]}}],"collection":[{"href":"https:\/\/interessatb.com.br\/index.php?rest_route=\/wp\/v2\/posts"}],"about":[{"href":"https:\/\/interessatb.com.br\/index.php?rest_route=\/wp\/v2\/types\/post"}],"author":[{"embeddable":true,"href":"https:\/\/interessatb.com.br\/index.php?rest_route=\/wp\/v2\/users\/1"}],"replies":[{"embeddable":true,"href":"https:\/\/interessatb.com.br\/index.php?rest_route=%2Fwp%2Fv2%2Fcomments&post=2782"}],"version-history":[{"count":1,"href":"https:\/\/interessatb.com.br\/index.php?rest_route=\/wp\/v2\/posts\/2782\/revisions"}],"predecessor-version":[{"id":2784,"href":"https:\/\/interessatb.com.br\/index.php?rest_route=\/wp\/v2\/posts\/2782\/revisions\/2784"}],"wp:featuredmedia":[{"embeddable":true,"href":"https:\/\/interessatb.com.br\/index.php?rest_route=\/wp\/v2\/media\/2783"}],"wp:attachment":[{"href":"https:\/\/interessatb.com.br\/index.php?rest_route=%2Fwp%2Fv2%2Fmedia&parent=2782"}],"wp:term":[{"taxonomy":"category","embeddable":true,"href":"https:\/\/interessatb.com.br\/index.php?rest_route=%2Fwp%2Fv2%2Fcategories&post=2782"},{"taxonomy":"post_tag","embeddable":true,"href":"https:\/\/interessatb.com.br\/index.php?rest_route=%2Fwp%2Fv2%2Ftags&post=2782"}],"curies":[{"name":"wp","href":"https:\/\/api.w.org\/{rel}","templated":true}]}}