{"id":2785,"date":"2024-04-09T07:51:05","date_gmt":"2024-04-09T10:51:05","guid":{"rendered":"https:\/\/interessatb.com.br\/?p=2785"},"modified":"2024-04-19T06:28:30","modified_gmt":"2024-04-19T09:28:30","slug":"inaugurado-o-escritorio-de-compras-publicas-na-acitel","status":"publish","type":"post","link":"https:\/\/interessatb.com.br\/?p=2785","title":{"rendered":"Inaugurado o Escrit\u00f3rio de Compras P\u00fablicas na Acitel"},"content":{"rendered":"\n<p>Foi inaugurado  no dia 04 deste m\u00eas o Escrit\u00f3rio de Compras P\u00fablicas, fruto da parceria entre a Prefeitura de Tel\u00eamaco Borba, Sebrae\/PR e Acitel. O escrit\u00f3rio ficar\u00e1 na sede da Associa\u00e7\u00e3o Comercial e Empresarial de Tel\u00eamaco Borba.<\/p>\n\n\n\n<p>A inaugura\u00e7\u00e3o contou com a presen\u00e7a da vice-prefeita do munic\u00edpio, Rita Ara\u00fajo, que destacou a import\u00e2ncia da sensibiliza\u00e7\u00e3o do empres\u00e1rio local para que participe das licita\u00e7\u00f5es do munic\u00edpio. \u201c\u00c9 um processo que tem burocracia, por\u00e9m o escrit\u00f3rio vem para sanar essas d\u00favidas. N\u00f3s temos uma prefeitura que paga corretamente e queremos incentivar o empres\u00e1rio local a vender para n\u00f3s, pois assim o dinheiro circula em nossa cidade, o nosso com\u00e9rcio lucra, enfim, todos ganham\u201d.<\/p>\n\n\n\n<p>A presidente da Acitel, Taty Lima, enfatizou a sua felicidade em estar presidente da Associa\u00e7\u00e3o neste momento de inaugura\u00e7\u00e3o. \u201c\u00c9 um prazer e satisfa\u00e7\u00e3o inaugurar esse escrit\u00f3rio. \u00c9 uma parceira que vem acontecendo h\u00e1 tempos. Hoje estamos plantando uma semente, que vai fomentar os neg\u00f3cios na cidade. Saibam que estamos dispon\u00edveis para ajudar e com muta vontade de trabalhar\u201d.<\/p>\n\n\n\n<p>Para a gestora de Pol\u00edticas P\u00fablicas do Sebrae, Fabiola Cristhine Costa, os n\u00fameros indicam que o empresariado de Tel\u00eamaco Borba pode ganhar vendendo para a Prefeitura. \u201cDos R$ 93 milh\u00f5es usados para compras, apenas R$ 35 milh\u00f5es ficou com empres\u00e1rios daqui. N\u00f3s queremos contribuir nos processos e dar oportunidade aos empres\u00e1rios locais participar das licita\u00e7\u00f5es\u201d, explicou.<\/p>\n\n\n\n<p>Com uma quantidade expressiva de MPEs em Tel\u00eamaco Borba, estas empresas poder\u00e3o expandir seus neg\u00f3cios, buscando se familiarizar com os processos de participa\u00e7\u00e3o em licita\u00e7\u00f5es p\u00fablicas. O Escrit\u00f3rio de Compras P\u00fablicas tem a proposta de simplificar esse processo e orientar o empreendedor na venda de seus produtos ou servi\u00e7os para o Poder P\u00fablico. A a\u00e7\u00e3o tem respaldo na Lei Municipal 2126\/2015 para fomentar as compras locais.<\/p>\n\n\n\n<p><em>Fonte: Adaptado de Divulga\u00e7\u00e3o PMTB.<\/em><\/p>\n","protected":false},"excerpt":{"rendered":"<div class=\"mh-excerpt\"><p>Foi inaugurado no dia 04 deste m\u00eas o Escrit\u00f3rio de Compras P\u00fablicas, fruto da parceria entre a Prefeitura de Tel\u00eamaco Borba, Sebrae\/PR e Acitel. O <a class=\"mh-excerpt-more\" href=\"https:\/\/interessatb.com.br\/?p=2785\" title=\"Inaugurado o Escrit\u00f3rio de Compras P\u00fablicas na Acitel\">[&#8230;]<\/a><\/p>\n<\/div>","protected":false},"author":1,"featured_media":2787,"comment_status":"closed","ping_status":"closed","sticky":false,"template":"","format":"standard","meta":{"footnotes":""},"categories":[2,20],"tags":[],"class_list":["post-2785","post","type-post","status-publish","format-standard","has-post-thumbnail","hentry","category-cidade","category-industria-e-comercio"],"_links":{"self":[{"href":"https:\/\/interessatb.com.br\/index.php?rest_route=\/wp\/v2\/posts\/2785","targetHints":{"allow":["GET"]}}],"collection":[{"href":"https:\/\/interessatb.com.br\/index.php?rest_route=\/wp\/v2\/posts"}],"about":[{"href":"https:\/\/interessatb.com.br\/index.php?rest_route=\/wp\/v2\/types\/post"}],"author":[{"embeddable":true,"href":"https:\/\/interessatb.com.br\/index.php?rest_route=\/wp\/v2\/users\/1"}],"replies":[{"embeddable":true,"href":"https:\/\/interessatb.com.br\/index.php?rest_route=%2Fwp%2Fv2%2Fcomments&post=2785"}],"version-history":[{"count":2,"href":"https:\/\/interessatb.com.br\/index.php?rest_route=\/wp\/v2\/posts\/2785\/revisions"}],"predecessor-version":[{"id":2788,"href":"https:\/\/interessatb.com.br\/index.php?rest_route=\/wp\/v2\/posts\/2785\/revisions\/2788"}],"wp:featuredmedia":[{"embeddable":true,"href":"https:\/\/interessatb.com.br\/index.php?rest_route=\/wp\/v2\/media\/2787"}],"wp:attachment":[{"href":"https:\/\/interessatb.com.br\/index.php?rest_route=%2Fwp%2Fv2%2Fmedia&parent=2785"}],"wp:term":[{"taxonomy":"category","embeddable":true,"href":"https:\/\/interessatb.com.br\/index.php?rest_route=%2Fwp%2Fv2%2Fcategories&post=2785"},{"taxonomy":"post_tag","embeddable":true,"href":"https:\/\/interessatb.com.br\/index.php?rest_route=%2Fwp%2Fv2%2Ftags&post=2785"}],"curies":[{"name":"wp","href":"https:\/\/api.w.org\/{rel}","templated":true}]}}