{"id":2792,"date":"2024-04-19T06:28:04","date_gmt":"2024-04-19T09:28:04","guid":{"rendered":"https:\/\/interessatb.com.br\/?p=2792"},"modified":"2024-04-19T06:29:32","modified_gmt":"2024-04-19T09:29:32","slug":"novo-refis-parana-lanca-programa-de-regularizacao-de-dividas-tributarias","status":"publish","type":"post","link":"https:\/\/interessatb.com.br\/?p=2792","title":{"rendered":"Novo Refis: Paran\u00e1 lan\u00e7a programa de regulariza\u00e7\u00e3o de d\u00edvidas tribut\u00e1rias"},"content":{"rendered":"\n<p>O Governo do Estado, por meio da Secretaria da Fazenda e da Receita Estadual do Paran\u00e1, disponibilizou desde esta quarta-feira (17) acesso ao novo programa de parcelamento incentivado de cr\u00e9ditos tribut\u00e1rios de Imposto sobre Circula\u00e7\u00e3o de Mercadorias (ICM), Imposto sobre Circula\u00e7\u00e3o de Mercadorias e Servi\u00e7os (ICMS), Imposto CMS e Imposto de Transmiss\u00e3o Causa Mortis e Doa\u00e7\u00e3o (ITCMD). A iniciativa visa oferecer aos contribuintes a oportunidade de regularizar d\u00e9bitos, com redu\u00e7\u00e3o de multa e juros, por meio de pagamento \u00e0 vista ou parcelamento em at\u00e9 180 meses.<\/p>\n\n\n\n<p>O programa abrange d\u00e9bitos referentes a fatos geradores ocorridos at\u00e9 31 de julho de 2023. Para aderir, os contribuintes devem acessar a&nbsp;<strong><a href=\"https:\/\/refis.fazenda.pr.gov.br\/\" target=\"_blank\" rel=\"noreferrer noopener\">p\u00e1gina oficial do Refis<\/a>&nbsp;<\/strong>da Receita Estadual, onde poder\u00e3o verificar se possuem d\u00e9bitos vinculados para efetuar o pagamento. Basta clicar em \u201cContinuar\u201d, prosseguir com as instru\u00e7\u00f5es e informar o CPF.<\/p>\n\n\n\n<p><strong>REDU\u00c7\u00c3O&nbsp;<\/strong>\u2013 Os cr\u00e9ditos tribut\u00e1rios de ICM, ICMS e ITCMD podem ser pagos com redu\u00e7\u00f5es de 80% na multa e nos juros para pagamento em parcela \u00fanica; 70% na multa e nos juros para parcelamentos em at\u00e9 60 meses; 60% na multa e nos juros para parcelamentos em at\u00e9 120 meses; e 50% na multa e nos juros para parcelamentos em at\u00e9 180 meses. Al\u00e9m disso, os parcelamentos podem ser quitados parcialmente, com at\u00e9 95% do valor, atrav\u00e9s de um Regime Especial de Acordo Direto com Precat\u00f3rios, em at\u00e9 60 meses.<\/p>\n\n\n\n<p>O programa tamb\u00e9m inclui regulariza\u00e7\u00e3o de d\u00edvidas n\u00e3o tribut\u00e1rias, que envolve, principalmente, multas emitidas pela Secretaria da Fazenda. Para as d\u00edvidas n\u00e3o tribut\u00e1rias, as redu\u00e7\u00f5es incidem somente sobre os encargos morat\u00f3rios, com percentuais de 80% para pagamento em parcela \u00fanica, 70% para parcelamentos em at\u00e9 60 meses, e 60% para parcelamentos em at\u00e9 120 meses. Os juros aplicados sobre o principal e a multa ser\u00e3o equivalentes \u00e0 taxa referencial da Selic, acumulada mensalmente.<\/p>\n\n\n\n<p><em>Fonte: Adaptado de AEN\/PR<\/em><\/p>\n","protected":false},"excerpt":{"rendered":"<div class=\"mh-excerpt\"><p>O Governo do Estado, por meio da Secretaria da Fazenda e da Receita Estadual do Paran\u00e1, disponibilizou desde esta quarta-feira (17) acesso ao novo programa <a class=\"mh-excerpt-more\" href=\"https:\/\/interessatb.com.br\/?p=2792\" title=\"Novo Refis: Paran\u00e1 lan\u00e7a programa de regulariza\u00e7\u00e3o de d\u00edvidas tribut\u00e1rias\">[&#8230;]<\/a><\/p>\n<\/div>","protected":false},"author":1,"featured_media":2793,"comment_status":"closed","ping_status":"closed","sticky":false,"template":"","format":"standard","meta":{"footnotes":""},"categories":[20,12,14],"tags":[],"class_list":["post-2792","post","type-post","status-publish","format-standard","has-post-thumbnail","hentry","category-industria-e-comercio","category-parana","category-regiao"],"_links":{"self":[{"href":"https:\/\/interessatb.com.br\/index.php?rest_route=\/wp\/v2\/posts\/2792","targetHints":{"allow":["GET"]}}],"collection":[{"href":"https:\/\/interessatb.com.br\/index.php?rest_route=\/wp\/v2\/posts"}],"about":[{"href":"https:\/\/interessatb.com.br\/index.php?rest_route=\/wp\/v2\/types\/post"}],"author":[{"embeddable":true,"href":"https:\/\/interessatb.com.br\/index.php?rest_route=\/wp\/v2\/users\/1"}],"replies":[{"embeddable":true,"href":"https:\/\/interessatb.com.br\/index.php?rest_route=%2Fwp%2Fv2%2Fcomments&post=2792"}],"version-history":[{"count":2,"href":"https:\/\/interessatb.com.br\/index.php?rest_route=\/wp\/v2\/posts\/2792\/revisions"}],"predecessor-version":[{"id":2795,"href":"https:\/\/interessatb.com.br\/index.php?rest_route=\/wp\/v2\/posts\/2792\/revisions\/2795"}],"wp:featuredmedia":[{"embeddable":true,"href":"https:\/\/interessatb.com.br\/index.php?rest_route=\/wp\/v2\/media\/2793"}],"wp:attachment":[{"href":"https:\/\/interessatb.com.br\/index.php?rest_route=%2Fwp%2Fv2%2Fmedia&parent=2792"}],"wp:term":[{"taxonomy":"category","embeddable":true,"href":"https:\/\/interessatb.com.br\/index.php?rest_route=%2Fwp%2Fv2%2Fcategories&post=2792"},{"taxonomy":"post_tag","embeddable":true,"href":"https:\/\/interessatb.com.br\/index.php?rest_route=%2Fwp%2Fv2%2Ftags&post=2792"}],"curies":[{"name":"wp","href":"https:\/\/api.w.org\/{rel}","templated":true}]}}