{"id":2809,"date":"2024-04-27T06:53:39","date_gmt":"2024-04-27T09:53:39","guid":{"rendered":"https:\/\/interessatb.com.br\/?p=2809"},"modified":"2024-04-27T08:27:46","modified_gmt":"2024-04-27T11:27:46","slug":"ifpr-suspendera-o-calendario-escolar-a-partir-de-01-05-em-todo-o-parana-motivado-pela-greve-dos-servidores","status":"publish","type":"post","link":"https:\/\/interessatb.com.br\/?p=2809","title":{"rendered":"IFPR suspender\u00e1 o calend\u00e1rio escolar a partir de 01\/05 em todo o Paran\u00e1, motivado pela greve dos servidores"},"content":{"rendered":"\n<p>Ap\u00f3s mais de 30 dias de paralisa\u00e7\u00e3o dos servidores T\u00e9cnicos Administrativos e Docentes do IFPR, O Conselho Superior do Instituto Federal do Paran\u00e1 (Consup) suspendeu, na manh\u00e3 de quinta-feira (25), o Calend\u00e1rio Acad\u00eamico do IFPR, de forma unificada e por tempo indeterminado, em todo o  estado.<\/p>\n\n\n\n<p>Com a suspens\u00e3o do Calend\u00e1rio Acad\u00eamico, as rotinas pedag\u00f3gicas dos campi do IFPR do Paran\u00e1 deixar\u00e3o de ser executadas, n\u00e3o havendo mais aulas ou quaisquer outras atividades relacionadas ao ensino em todas as unidades do Instituto. Por este motivo os dias letivos deixam de ser contados. Quando um calend\u00e1rio acad\u00eamico \u00e9 suspenso,\u00a0esses dias param de contar durante o per\u00edodo de paralisa\u00e7\u00e3o e s\u00f3 retornam \u00e0 sua contagem normal quando a paralisa\u00e7\u00e3o chega ao fim.<\/p>\n\n\n\n<p>Na pr\u00e1tica, ao suspender o calend\u00e1rio escolar para n\u00e3o haver preju\u00edzo ao n\u00famero m\u00ednimo de dias obrigat\u00f3rios, ao retornar da greve os dias restantes de per\u00edodo letivo dever\u00e3o ser cumpridos integralmente, independentemente do tempo de paralisa\u00e7\u00e3o, na forma de reposi\u00e7\u00e3o de aulas, a ser definida no retorno \u00e0s aulas.  Os calend\u00e1rios de reposi\u00e7\u00e3o s\u00e3o acordados entre a gest\u00e3o, o sindicato e o comando do movimento grevista.<\/p>\n\n\n\n<p><em>Fonte: IFPR Curitiba.<\/em><\/p>\n","protected":false},"excerpt":{"rendered":"<div class=\"mh-excerpt\"><p>Ap\u00f3s mais de 30 dias de paralisa\u00e7\u00e3o dos servidores T\u00e9cnicos Administrativos e Docentes do IFPR, O Conselho Superior do Instituto Federal do Paran\u00e1 (Consup) suspendeu, <a class=\"mh-excerpt-more\" href=\"https:\/\/interessatb.com.br\/?p=2809\" title=\"IFPR suspender\u00e1 o calend\u00e1rio escolar a partir de 01\/05 em todo o Paran\u00e1, motivado pela greve dos servidores\">[&#8230;]<\/a><\/p>\n<\/div>","protected":false},"author":1,"featured_media":2810,"comment_status":"closed","ping_status":"closed","sticky":false,"template":"","format":"standard","meta":{"footnotes":""},"categories":[5,12,14],"tags":[],"class_list":["post-2809","post","type-post","status-publish","format-standard","has-post-thumbnail","hentry","category-educacao","category-parana","category-regiao"],"_links":{"self":[{"href":"https:\/\/interessatb.com.br\/index.php?rest_route=\/wp\/v2\/posts\/2809","targetHints":{"allow":["GET"]}}],"collection":[{"href":"https:\/\/interessatb.com.br\/index.php?rest_route=\/wp\/v2\/posts"}],"about":[{"href":"https:\/\/interessatb.com.br\/index.php?rest_route=\/wp\/v2\/types\/post"}],"author":[{"embeddable":true,"href":"https:\/\/interessatb.com.br\/index.php?rest_route=\/wp\/v2\/users\/1"}],"replies":[{"embeddable":true,"href":"https:\/\/interessatb.com.br\/index.php?rest_route=%2Fwp%2Fv2%2Fcomments&post=2809"}],"version-history":[{"count":1,"href":"https:\/\/interessatb.com.br\/index.php?rest_route=\/wp\/v2\/posts\/2809\/revisions"}],"predecessor-version":[{"id":2811,"href":"https:\/\/interessatb.com.br\/index.php?rest_route=\/wp\/v2\/posts\/2809\/revisions\/2811"}],"wp:featuredmedia":[{"embeddable":true,"href":"https:\/\/interessatb.com.br\/index.php?rest_route=\/wp\/v2\/media\/2810"}],"wp:attachment":[{"href":"https:\/\/interessatb.com.br\/index.php?rest_route=%2Fwp%2Fv2%2Fmedia&parent=2809"}],"wp:term":[{"taxonomy":"category","embeddable":true,"href":"https:\/\/interessatb.com.br\/index.php?rest_route=%2Fwp%2Fv2%2Fcategories&post=2809"},{"taxonomy":"post_tag","embeddable":true,"href":"https:\/\/interessatb.com.br\/index.php?rest_route=%2Fwp%2Fv2%2Ftags&post=2809"}],"curies":[{"name":"wp","href":"https:\/\/api.w.org\/{rel}","templated":true}]}}