{"id":2832,"date":"2024-05-08T06:47:16","date_gmt":"2024-05-08T09:47:16","guid":{"rendered":"https:\/\/interessatb.com.br\/?p=2832"},"modified":"2024-05-08T06:54:37","modified_gmt":"2024-05-08T09:54:37","slug":"tibagi-recebe-a-3a-etapa-do-circuito-regional-mountain-bike","status":"publish","type":"post","link":"https:\/\/interessatb.com.br\/?p=2832","title":{"rendered":"Tibagi recebe a 3\u00aa Etapa do Circuito Regional Mountain Bike"},"content":{"rendered":"\n<p>Com largada em frente \u00e0 prefeitura municipal neste domingo, 5, aconteceu mais uma etapa do circuito regional de MTB, com participa\u00e7\u00e3o de mais de 630 ciclistas de diversas regi\u00f5es do Paran\u00e1, al\u00e9m de participantes de Santa Catarina e S\u00e3o Paulo, em um percurso pelas estradas rurais do munic\u00edpio.<\/p>\n\n\n\n<p>A competi\u00e7\u00e3o contou com tr\u00eas categorias, separadas pelo n\u00edvel de resist\u00eancia exigido, sendo Light (24 km), Sport (35 km) e Pr\u00f3 (60 km). Os ciclistas foram desafiados pelas paisagens da regi\u00e3o, exigindo t\u00e9cnica, resist\u00eancia f\u00edsica e esp\u00edrito esportivo para completar o trajeto. <\/p>\n\n\n\n<p>As crian\u00e7as tamb\u00e9m foram contempladas pelo evento, com a categoria Kids que contou com a participa\u00e7\u00e3o de mais de 50 crian\u00e7as at\u00e9 12 anos e ao final das provas, 295 trof\u00e9us foram entregues aos destaques de cada categoria e faixa et\u00e1ria.<\/p>\n\n\n\n<p>&#8220;A cidade de Tibagi sempre nos recebe de uma forma muito especial&#8221;, afirma Alessandro Deschk, diretor geral da AJM Eventos Esportivos, organizadora do evento. &#8220;Esse \u00e9 o terceiro ano que realizamos eventos aqui, e n\u00e3o foi diferente. A ajuda da Prefeitura Municipal, Secretaria de Turismo e Secretaria de Esportes foi fundamental para que tudo fosse um sucesso.&#8221;<\/p>\n\n\n\n<p><em>Fonte: PMT divulga\u00e7\u00e3o.<\/em><\/p>\n","protected":false},"excerpt":{"rendered":"<div class=\"mh-excerpt\"><p>Com largada em frente \u00e0 prefeitura municipal neste domingo, 5, aconteceu mais uma etapa do circuito regional de MTB, com participa\u00e7\u00e3o de mais de 630 <a class=\"mh-excerpt-more\" href=\"https:\/\/interessatb.com.br\/?p=2832\" title=\"Tibagi recebe a 3\u00aa Etapa do Circuito Regional Mountain Bike\">[&#8230;]<\/a><\/p>\n<\/div>","protected":false},"author":1,"featured_media":2833,"comment_status":"closed","ping_status":"closed","sticky":false,"template":"","format":"standard","meta":{"footnotes":""},"categories":[7,14],"tags":[],"class_list":["post-2832","post","type-post","status-publish","format-standard","has-post-thumbnail","hentry","category-esporte","category-regiao"],"_links":{"self":[{"href":"https:\/\/interessatb.com.br\/index.php?rest_route=\/wp\/v2\/posts\/2832","targetHints":{"allow":["GET"]}}],"collection":[{"href":"https:\/\/interessatb.com.br\/index.php?rest_route=\/wp\/v2\/posts"}],"about":[{"href":"https:\/\/interessatb.com.br\/index.php?rest_route=\/wp\/v2\/types\/post"}],"author":[{"embeddable":true,"href":"https:\/\/interessatb.com.br\/index.php?rest_route=\/wp\/v2\/users\/1"}],"replies":[{"embeddable":true,"href":"https:\/\/interessatb.com.br\/index.php?rest_route=%2Fwp%2Fv2%2Fcomments&post=2832"}],"version-history":[{"count":2,"href":"https:\/\/interessatb.com.br\/index.php?rest_route=\/wp\/v2\/posts\/2832\/revisions"}],"predecessor-version":[{"id":2835,"href":"https:\/\/interessatb.com.br\/index.php?rest_route=\/wp\/v2\/posts\/2832\/revisions\/2835"}],"wp:featuredmedia":[{"embeddable":true,"href":"https:\/\/interessatb.com.br\/index.php?rest_route=\/wp\/v2\/media\/2833"}],"wp:attachment":[{"href":"https:\/\/interessatb.com.br\/index.php?rest_route=%2Fwp%2Fv2%2Fmedia&parent=2832"}],"wp:term":[{"taxonomy":"category","embeddable":true,"href":"https:\/\/interessatb.com.br\/index.php?rest_route=%2Fwp%2Fv2%2Fcategories&post=2832"},{"taxonomy":"post_tag","embeddable":true,"href":"https:\/\/interessatb.com.br\/index.php?rest_route=%2Fwp%2Fv2%2Ftags&post=2832"}],"curies":[{"name":"wp","href":"https:\/\/api.w.org\/{rel}","templated":true}]}}