{"id":2841,"date":"2024-05-08T09:06:57","date_gmt":"2024-05-08T12:06:57","guid":{"rendered":"https:\/\/interessatb.com.br\/?p=2841"},"modified":"2024-05-08T09:06:57","modified_gmt":"2024-05-08T12:06:57","slug":"prazo-para-tirar-titulo-de-eleitor-se-encerra-hoje-8-de-maio","status":"publish","type":"post","link":"https:\/\/interessatb.com.br\/?p=2841","title":{"rendered":"Prazo para tirar t\u00edtulo de eleitor se encerra hoje, 8 de maio"},"content":{"rendered":"\n<p>O prazo para tirar o t\u00edtulo de eleitor e poder votar nas Elei\u00e7\u00f5es Municipais 2024 se encerra nesta quarta-feira (8). O documento deve ser solicitado diretamente no cart\u00f3rio eleitoral mais pr\u00f3ximo. No local, tamb\u00e9m \u00e9 poss\u00edvel realizar a coleta da biometria. Quem perder este prazo n\u00e3o poder\u00e1 votar nas pr\u00f3ximas elei\u00e7\u00f5es marcadas para outubro deste ano.<\/p>\n\n\n\n<p>O dia de hoje, segundo o Tribunal Superior Eleitoral, \u00e9 a data limite para tirar o t\u00edtulo de eleitor, coletar biometria, transferir o domic\u00edlio eleitoral e atualizar os dados do cadastro eleitoral. No Rio Grande do Sul o prazo foi\u00a0que atingem o estado, por conta da calamidade ocasionada pelas fortes chuvas dos \u00faltimos dias.<\/p>\n\n\n\n<p>A\u00a0Lei das Elei\u00e7\u00f5es\u00a0(Lei n\u00ba 9.504\/1997) determina que nenhum requerimento de inscri\u00e7\u00e3o eleitoral ou de transfer\u00eancia de domic\u00edlio seja recebido nos 150 dias anteriores \u00e0 data da vota\u00e7\u00e3o. O primeiro turno das elei\u00e7\u00f5es ocorre em 6 de outubro. Assim, o cadastro eleitoral ficar\u00e1 fechado de 9 de maio a 5 de novembro.\u00a0<\/p>\n\n\n\n<p>Pela Constitui\u00e7\u00e3o Federal, o alistamento eleitoral e o voto s\u00e3o facultativos para\u00a0jovens de 16 e 17 anos, pessoas analfabetas e maiores de 70 anos e s\u00e3o obrigat\u00f3rios para pessoas de 18 anos ou mais. Os jovens de 15 anos podem tirar o t\u00edtulo, mas somente estar\u00e3o aptos a votar nas elei\u00e7\u00f5es de outubro se completarem 16 anos at\u00e9 o dia da vota\u00e7\u00e3o (Resolu\u00e7\u00e3o do TSE n\u00ba 23.659\/2021).<\/p>\n\n\n\n<p><em>Fonte: TSE.<\/em><\/p>\n","protected":false},"excerpt":{"rendered":"<div class=\"mh-excerpt\"><p>O prazo para tirar o t\u00edtulo de eleitor e poder votar nas Elei\u00e7\u00f5es Municipais 2024 se encerra nesta quarta-feira (8). O documento deve ser solicitado <a class=\"mh-excerpt-more\" href=\"https:\/\/interessatb.com.br\/?p=2841\" title=\"Prazo para tirar t\u00edtulo de eleitor se encerra hoje, 8 de maio\">[&#8230;]<\/a><\/p>\n<\/div>","protected":false},"author":1,"featured_media":2842,"comment_status":"closed","ping_status":"closed","sticky":false,"template":"","format":"standard","meta":{"footnotes":""},"categories":[16,2,13],"tags":[],"class_list":["post-2841","post","type-post","status-publish","format-standard","has-post-thumbnail","hentry","category-brasil","category-cidade","category-politica"],"_links":{"self":[{"href":"https:\/\/interessatb.com.br\/index.php?rest_route=\/wp\/v2\/posts\/2841","targetHints":{"allow":["GET"]}}],"collection":[{"href":"https:\/\/interessatb.com.br\/index.php?rest_route=\/wp\/v2\/posts"}],"about":[{"href":"https:\/\/interessatb.com.br\/index.php?rest_route=\/wp\/v2\/types\/post"}],"author":[{"embeddable":true,"href":"https:\/\/interessatb.com.br\/index.php?rest_route=\/wp\/v2\/users\/1"}],"replies":[{"embeddable":true,"href":"https:\/\/interessatb.com.br\/index.php?rest_route=%2Fwp%2Fv2%2Fcomments&post=2841"}],"version-history":[{"count":1,"href":"https:\/\/interessatb.com.br\/index.php?rest_route=\/wp\/v2\/posts\/2841\/revisions"}],"predecessor-version":[{"id":2843,"href":"https:\/\/interessatb.com.br\/index.php?rest_route=\/wp\/v2\/posts\/2841\/revisions\/2843"}],"wp:featuredmedia":[{"embeddable":true,"href":"https:\/\/interessatb.com.br\/index.php?rest_route=\/wp\/v2\/media\/2842"}],"wp:attachment":[{"href":"https:\/\/interessatb.com.br\/index.php?rest_route=%2Fwp%2Fv2%2Fmedia&parent=2841"}],"wp:term":[{"taxonomy":"category","embeddable":true,"href":"https:\/\/interessatb.com.br\/index.php?rest_route=%2Fwp%2Fv2%2Fcategories&post=2841"},{"taxonomy":"post_tag","embeddable":true,"href":"https:\/\/interessatb.com.br\/index.php?rest_route=%2Fwp%2Fv2%2Ftags&post=2841"}],"curies":[{"name":"wp","href":"https:\/\/api.w.org\/{rel}","templated":true}]}}