{"id":2852,"date":"2024-05-13T18:53:33","date_gmt":"2024-05-13T21:53:33","guid":{"rendered":"https:\/\/interessatb.com.br\/?p=2852"},"modified":"2024-05-13T18:59:39","modified_gmt":"2024-05-13T21:59:39","slug":"defesa-civil-de-telemaco-borba-envia-equipe-para-colaborar-na-ajuda-a-populacao-do-rio-grande-do-sul","status":"publish","type":"post","link":"https:\/\/interessatb.com.br\/?p=2852","title":{"rendered":"Defesa Civil de Tel\u00eamaco Borba envia equipe para colaborar na ajuda \u00e0 popula\u00e7\u00e3o do Rio Grande do Sul"},"content":{"rendered":"\n<p>Na madrugada desta ter\u00e7a-feira, 13, uma equipe da defesa civil de Tel\u00eamaco Borba partiu com destino ao Rio Grande do Sul, para contribuir na ajuda aos desabrigados da cat\u00e1strofe natural que assola aquele estado brasileiro.<\/p>\n\n\n\n<p>Com previs\u00e3o de queda brusca de temperatura a partir de hoje, devido \u00e0 chegada de uma frente fria mais intensa, o cen\u00e1rio ainda \u00e9 de muita preocupa\u00e7\u00e3o, pois o n\u00edvel das \u00e1guas pode continuar a subir em diversas regi\u00f5es do estado. O cen\u00e1rio fica cr\u00edtico na regi\u00e3o da capital ga\u00facha, que sofre com a eleva\u00e7\u00e3o do Rio Gua\u00edba e da Lagoa dos Patos.<\/p>\n\n\n\n<p>A equipe enviada pelo munic\u00edpio foi montada em parceria com a 3\u00b0 Coordenadoria Regional de Prote\u00e7\u00e3o e Defesa Civil (CORPDEC). A sa\u00edda aconteceu \u00e0s 3 horas da madrugada, da sede Divis\u00e3o de Seguran\u00e7a P\u00fablica e Tr\u00e2nsito, e os agentes se apresentar\u00e3o a Defesa Civil Ga\u00facha, na capital, com previs\u00e3o de atuar na regi\u00e3o metropolitana de Porto Alegre.<\/p>\n\n\n\n<p>O time enviado \u00e9 composto por Rafael Vaeza (Comandante da equipe o Engenheiro de Seguran\u00e7a, socorrista e bombeiro civil), Fernanda Darcin (Enfermeira, especialista em regate em \u00e1guas r\u00e1pidas, remotas e estruturas colapsadas), Paulo S\u00e9rgio Teixeira (Chefe da guarda patrimonial) e Jhonatan Antonio Christov\u00e3o (Operador de drone).<\/p>\n\n\n\n<p>Al\u00e9m desta iniciativa de cunho oficial, in\u00fameras outras iniciativas da popula\u00e7\u00e3o s\u00e3o relatadas pelas redes sociais e seguem por via terrestre ao Rio Grande do Sul, demonstrando a sensibilidade e solidariedade do cidad\u00e3o telemacoborbense.<\/p>\n","protected":false},"excerpt":{"rendered":"<div class=\"mh-excerpt\"><p>Na madrugada desta ter\u00e7a-feira, 13, uma equipe da defesa civil de Tel\u00eamaco Borba partiu com destino ao Rio Grande do Sul, para contribuir na ajuda <a class=\"mh-excerpt-more\" href=\"https:\/\/interessatb.com.br\/?p=2852\" title=\"Defesa Civil de Tel\u00eamaco Borba envia equipe para colaborar na ajuda \u00e0 popula\u00e7\u00e3o do Rio Grande do Sul\">[&#8230;]<\/a><\/p>\n<\/div>","protected":false},"author":1,"featured_media":2856,"comment_status":"closed","ping_status":"closed","sticky":false,"template":"","format":"standard","meta":{"footnotes":""},"categories":[2],"tags":[],"class_list":["post-2852","post","type-post","status-publish","format-standard","has-post-thumbnail","hentry","category-cidade"],"_links":{"self":[{"href":"https:\/\/interessatb.com.br\/index.php?rest_route=\/wp\/v2\/posts\/2852","targetHints":{"allow":["GET"]}}],"collection":[{"href":"https:\/\/interessatb.com.br\/index.php?rest_route=\/wp\/v2\/posts"}],"about":[{"href":"https:\/\/interessatb.com.br\/index.php?rest_route=\/wp\/v2\/types\/post"}],"author":[{"embeddable":true,"href":"https:\/\/interessatb.com.br\/index.php?rest_route=\/wp\/v2\/users\/1"}],"replies":[{"embeddable":true,"href":"https:\/\/interessatb.com.br\/index.php?rest_route=%2Fwp%2Fv2%2Fcomments&post=2852"}],"version-history":[{"count":10,"href":"https:\/\/interessatb.com.br\/index.php?rest_route=\/wp\/v2\/posts\/2852\/revisions"}],"predecessor-version":[{"id":2863,"href":"https:\/\/interessatb.com.br\/index.php?rest_route=\/wp\/v2\/posts\/2852\/revisions\/2863"}],"wp:featuredmedia":[{"embeddable":true,"href":"https:\/\/interessatb.com.br\/index.php?rest_route=\/wp\/v2\/media\/2856"}],"wp:attachment":[{"href":"https:\/\/interessatb.com.br\/index.php?rest_route=%2Fwp%2Fv2%2Fmedia&parent=2852"}],"wp:term":[{"taxonomy":"category","embeddable":true,"href":"https:\/\/interessatb.com.br\/index.php?rest_route=%2Fwp%2Fv2%2Fcategories&post=2852"},{"taxonomy":"post_tag","embeddable":true,"href":"https:\/\/interessatb.com.br\/index.php?rest_route=%2Fwp%2Fv2%2Ftags&post=2852"}],"curies":[{"name":"wp","href":"https:\/\/api.w.org\/{rel}","templated":true}]}}