{"id":2884,"date":"2024-05-26T16:41:20","date_gmt":"2024-05-26T19:41:20","guid":{"rendered":"https:\/\/interessatb.com.br\/?p=2884"},"modified":"2024-05-26T16:41:20","modified_gmt":"2024-05-26T19:41:20","slug":"campanha-de-vacinacao-contra-poliomielite-para-menores-de-5-anos-comeca-nesta-segunda-27","status":"publish","type":"post","link":"https:\/\/interessatb.com.br\/?p=2884","title":{"rendered":"Campanha de vacina\u00e7\u00e3o contra poliomielite para menores de 5 anos come\u00e7a nesta segunda, 27"},"content":{"rendered":"\n<p>A Campanha Nacional de Vacina\u00e7\u00e3o contra a Poliomielite, do Minist\u00e9rio da Sa\u00fade, acontece entre 27 de maio e 14 de junho, sendo 08 de junho o Dia D de mobiliza\u00e7\u00e3o.<\/p>\n\n\n\n<p>Em Tel\u00eamaco Borba, a vacina estar\u00e1 dispon\u00edvel nas 17 Unidades B\u00e1sicas de Sa\u00fade (UBS), de segunda a sexta-feira, das 08 \u00e0s 17 horas. Pais e respons\u00e1veis devem refor\u00e7ar a prote\u00e7\u00e3o das crian\u00e7as menores de cinco anos contra a doen\u00e7a.<\/p>\n\n\n\n<p>Esta ser\u00e1 a \u00faltima campanha de vacina\u00e7\u00e3o contra a poliomielite com a vacina oral.<\/p>\n\n\n\n<p>A Campanha Nacional de Vacina\u00e7\u00e3o contra a Poliomielite tem como objetivos conter o risco de reintrodu\u00e7\u00e3o do poliov\u00edrus, alcan\u00e7ar alta e homog\u00eanea cobertura vacinal e manter o Brasil livre da doen\u00e7a, uma vez que recebeu a classifica\u00e7\u00e3o de alto risco para a reintrodu\u00e7\u00e3o do poliov\u00edrus selvagem pela Comiss\u00e3o Regional para a Certifica\u00e7\u00e3o da Erradica\u00e7\u00e3o da Poliomielite na Regi\u00e3o das Am\u00e9ricas (RCC), em 2023.<\/p>\n\n\n\n<p>P\u00d3LIO<\/p>\n\n\n\n<p>A poliomielite \u00e9 uma doen\u00e7a grave caracterizada por um quadro de paralisia fl\u00e1cida causada pelo poliov\u00edrus selvagem (PVS) tipo 1, 2 ou 3, que em geral acomete os membros inferiores, de forma assim\u00e9trica e irrevers\u00edvel. A vacina contra a Poliomielite \u00e9 composta por tr\u00eas doses aos 2, 4 e 6 meses de vida, conforme o Calend\u00e1rio Nacional de Vacina\u00e7\u00e3o, al\u00e9m das doses de refor\u00e7o aos 15 meses e 4 anos de idade.<\/p>\n\n\n\n<p><em>Fonte: PMTB Divulga\u00e7\u00e3o.<\/em><\/p>\n","protected":false},"excerpt":{"rendered":"<div class=\"mh-excerpt\"><p>A Campanha Nacional de Vacina\u00e7\u00e3o contra a Poliomielite, do Minist\u00e9rio da Sa\u00fade, acontece entre 27 de maio e 14 de junho, sendo 08 de junho <a class=\"mh-excerpt-more\" href=\"https:\/\/interessatb.com.br\/?p=2884\" title=\"Campanha de vacina\u00e7\u00e3o contra poliomielite para menores de 5 anos come\u00e7a nesta segunda, 27\">[&#8230;]<\/a><\/p>\n<\/div>","protected":false},"author":1,"featured_media":1471,"comment_status":"closed","ping_status":"closed","sticky":false,"template":"","format":"standard","meta":{"footnotes":""},"categories":[16,2,15],"tags":[],"class_list":["post-2884","post","type-post","status-publish","format-standard","has-post-thumbnail","hentry","category-brasil","category-cidade","category-saude"],"_links":{"self":[{"href":"https:\/\/interessatb.com.br\/index.php?rest_route=\/wp\/v2\/posts\/2884","targetHints":{"allow":["GET"]}}],"collection":[{"href":"https:\/\/interessatb.com.br\/index.php?rest_route=\/wp\/v2\/posts"}],"about":[{"href":"https:\/\/interessatb.com.br\/index.php?rest_route=\/wp\/v2\/types\/post"}],"author":[{"embeddable":true,"href":"https:\/\/interessatb.com.br\/index.php?rest_route=\/wp\/v2\/users\/1"}],"replies":[{"embeddable":true,"href":"https:\/\/interessatb.com.br\/index.php?rest_route=%2Fwp%2Fv2%2Fcomments&post=2884"}],"version-history":[{"count":1,"href":"https:\/\/interessatb.com.br\/index.php?rest_route=\/wp\/v2\/posts\/2884\/revisions"}],"predecessor-version":[{"id":2885,"href":"https:\/\/interessatb.com.br\/index.php?rest_route=\/wp\/v2\/posts\/2884\/revisions\/2885"}],"wp:featuredmedia":[{"embeddable":true,"href":"https:\/\/interessatb.com.br\/index.php?rest_route=\/wp\/v2\/media\/1471"}],"wp:attachment":[{"href":"https:\/\/interessatb.com.br\/index.php?rest_route=%2Fwp%2Fv2%2Fmedia&parent=2884"}],"wp:term":[{"taxonomy":"category","embeddable":true,"href":"https:\/\/interessatb.com.br\/index.php?rest_route=%2Fwp%2Fv2%2Fcategories&post=2884"},{"taxonomy":"post_tag","embeddable":true,"href":"https:\/\/interessatb.com.br\/index.php?rest_route=%2Fwp%2Fv2%2Ftags&post=2884"}],"curies":[{"name":"wp","href":"https:\/\/api.w.org\/{rel}","templated":true}]}}