{"id":2891,"date":"2024-05-26T17:11:03","date_gmt":"2024-05-26T20:11:03","guid":{"rendered":"https:\/\/interessatb.com.br\/?p=2891"},"modified":"2024-05-26T17:11:03","modified_gmt":"2024-05-26T20:11:03","slug":"equipes-do-der-pr-ajudam-a-recuperar-rodovias-no-rio-grande-do-sul","status":"publish","type":"post","link":"https:\/\/interessatb.com.br\/?p=2891","title":{"rendered":"Equipes do DER\/PR ajudam a recuperar rodovias no Rio Grande do Sul"},"content":{"rendered":"\n<p>O Departamento de Estradas de Rodagem do Paran\u00e1 (DER\/PR), autarquia da Secretaria de Infraestrutura e Log\u00edstica (SEIL), completou uma semana de atividades emergenciais nas rodovias do Rio Grande do Sul, estado atingido por fortes chuvas e enchentes desde o in\u00edcio desse m\u00eas.<\/p>\n\n\n\n<p>Os servi\u00e7os foram priorizados em dois munic\u00edpios ga\u00fachos, conforme planejamento do Departamento Aut\u00f4nomo de Estradas de Rodagem do Rio Grande do Sul (DAER\/RS).<\/p>\n\n\n\n<p>Al\u00e9m disso, foram disponibilizados \u00e0 prefeitura um caminh\u00e3o munck e um caminh\u00e3o-pipa, sendo utilizados para limpeza das vias p\u00fablicas do munic\u00edpio, principalmente no acesso ao hospital local.<\/p>\n\n\n\n<p>As prefeituras de Santa Tereza e Roca Sales est\u00e3o auxiliando o DER\/PR na realiza\u00e7\u00e3o das atividades, que tamb\u00e9m contam com apoio da pol\u00edcia rodovi\u00e1ria estadual ga\u00facha.<\/p>\n\n\n\n<p><strong>COMBOIO <\/strong>\u2013 No \u00faltimo dia 14 um comboio de equipamentos pesados das superintend\u00eancias regionais do DER\/PR partiram de Curitiba rumo a Bento Gon\u00e7alves, no alto da Serra Ga\u00facha, tendo chegado no dia seguinte ao seu destino.<\/p>\n\n\n\n<p>Profissionais do DER\/PR foram deslocados para conduzir e operar o maquin\u00e1rio, que incluem quatro caminh\u00f5es basculantes, um caminh\u00e3o carroceria, dois caminh\u00f5es munck, dois caminh\u00f5es-pipa, quatro caminh\u00f5es prancha, tr\u00eas carregadeiras frontais, uma escavadeira hidr\u00e1ulica, uma retroescavadeira, um trator de esteira e quatro ve\u00edculos leves de apoio.<\/p>\n\n\n\n<p>A previs\u00e3o \u00e9 de permanecer 14 dias no estado vizinho, realizando servi\u00e7os para melhorar a trafegabilidade das rodovias ga\u00fachas, prazo que pode ser prorrogado a pedido do governo do Rio Grande do Sul.<\/p>\n\n\n\n<p><em>Fonte: AEN\/PR.<\/em><\/p>\n","protected":false},"excerpt":{"rendered":"<div class=\"mh-excerpt\"><p>O Departamento de Estradas de Rodagem do Paran\u00e1 (DER\/PR), autarquia da Secretaria de Infraestrutura e Log\u00edstica (SEIL), completou uma semana de atividades emergenciais nas rodovias <a class=\"mh-excerpt-more\" href=\"https:\/\/interessatb.com.br\/?p=2891\" title=\"Equipes do DER\/PR ajudam a recuperar rodovias no Rio Grande do Sul\">[&#8230;]<\/a><\/p>\n<\/div>","protected":false},"author":1,"featured_media":2893,"comment_status":"closed","ping_status":"closed","sticky":false,"template":"","format":"standard","meta":{"footnotes":""},"categories":[12,14],"tags":[],"class_list":["post-2891","post","type-post","status-publish","format-standard","has-post-thumbnail","hentry","category-parana","category-regiao"],"_links":{"self":[{"href":"https:\/\/interessatb.com.br\/index.php?rest_route=\/wp\/v2\/posts\/2891","targetHints":{"allow":["GET"]}}],"collection":[{"href":"https:\/\/interessatb.com.br\/index.php?rest_route=\/wp\/v2\/posts"}],"about":[{"href":"https:\/\/interessatb.com.br\/index.php?rest_route=\/wp\/v2\/types\/post"}],"author":[{"embeddable":true,"href":"https:\/\/interessatb.com.br\/index.php?rest_route=\/wp\/v2\/users\/1"}],"replies":[{"embeddable":true,"href":"https:\/\/interessatb.com.br\/index.php?rest_route=%2Fwp%2Fv2%2Fcomments&post=2891"}],"version-history":[{"count":1,"href":"https:\/\/interessatb.com.br\/index.php?rest_route=\/wp\/v2\/posts\/2891\/revisions"}],"predecessor-version":[{"id":2892,"href":"https:\/\/interessatb.com.br\/index.php?rest_route=\/wp\/v2\/posts\/2891\/revisions\/2892"}],"wp:featuredmedia":[{"embeddable":true,"href":"https:\/\/interessatb.com.br\/index.php?rest_route=\/wp\/v2\/media\/2893"}],"wp:attachment":[{"href":"https:\/\/interessatb.com.br\/index.php?rest_route=%2Fwp%2Fv2%2Fmedia&parent=2891"}],"wp:term":[{"taxonomy":"category","embeddable":true,"href":"https:\/\/interessatb.com.br\/index.php?rest_route=%2Fwp%2Fv2%2Fcategories&post=2891"},{"taxonomy":"post_tag","embeddable":true,"href":"https:\/\/interessatb.com.br\/index.php?rest_route=%2Fwp%2Fv2%2Ftags&post=2891"}],"curies":[{"name":"wp","href":"https:\/\/api.w.org\/{rel}","templated":true}]}}