{"id":2914,"date":"2024-06-11T17:42:25","date_gmt":"2024-06-11T20:42:25","guid":{"rendered":"https:\/\/interessatb.com.br\/?p=2914"},"modified":"2024-06-11T17:42:25","modified_gmt":"2024-06-11T20:42:25","slug":"o-atleta-allan-kaua-de-tibagi-fara-parte-do-programa-de-desenvolvimento-olimpico-da-canoagem","status":"publish","type":"post","link":"https:\/\/interessatb.com.br\/?p=2914","title":{"rendered":"O atleta Allan Kau\u00e3, de Tibagi, far\u00e1 parte do programa de desenvolvimento ol\u00edmpico da canoagem"},"content":{"rendered":"\n<p>O atleta tibagiano Allan Kau\u00e3, integrante do Projeto Semeando Sonhos e destaque da canoagem slalom sub23, foi escolhido pelo Comit\u00ea Ol\u00edmpico Brasileiro (COB) e pela Confedera\u00e7\u00e3o Brasileira de Canoagem (CBCa) para integrar um programa de treinamento e prepara\u00e7\u00e3o de atletas com potencial ol\u00edmpico.<\/p>\n\n\n\n<p>A extensa programa\u00e7\u00e3o, que se inicia no dia 9 de junho com embarque para o Rio de Janeiro, inclui avalia\u00e7\u00f5es e treinamentos intensivos no Complexo Ol\u00edmpico de Deodoro. Na sequ\u00eancia, no dia 23 de junho, Allan e a comitiva da CBCa partem para a Europa, onde dar\u00e3o continuidade aos treinos e participar\u00e3o de competi\u00e7\u00f5es de alto n\u00edvel na Eslov\u00e1quia e na Pol\u00f4nia.<\/p>\n\n\n\n<p>A escolha de Allan Kaua para o programa se deu exclusivamente pelos excelentes resultados que o jovem atleta vem conquistando na modalidade slalom, categoria ol\u00edmpica da canoagem. O programa, fruto de uma parceria entre a CBCa e o COB, visa o desenvolvimento de atletas a longo prazo, j\u00e1 com foco no pr\u00f3ximo ciclo ol\u00edmpico.<\/p>\n\n\n\n<p>&#8220;\u00c9 uma honra imensa representar Tibagi e o Projeto Semeando Sonhos nesse programa. Estou muito motivado e darei o meu melhor para aproveitar ao m\u00e1ximo essa oportunidade&#8221;, declarou Allan Kau\u00e3, que embarcar\u00e1 em sua jornada acompanhado do treinador Andr\u00e9 de Paula.<\/p>\n\n\n\n<p><em>Fonte: adaptado de Ellery Souza \/ ASCOM &#8211; Tibagi<\/em><\/p>\n","protected":false},"excerpt":{"rendered":"<div class=\"mh-excerpt\"><p>O atleta tibagiano Allan Kau\u00e3, integrante do Projeto Semeando Sonhos e destaque da canoagem slalom sub23, foi escolhido pelo Comit\u00ea Ol\u00edmpico Brasileiro (COB) e pela <a class=\"mh-excerpt-more\" href=\"https:\/\/interessatb.com.br\/?p=2914\" title=\"O atleta Allan Kau\u00e3, de Tibagi, far\u00e1 parte do programa de desenvolvimento ol\u00edmpico da canoagem\">[&#8230;]<\/a><\/p>\n<\/div>","protected":false},"author":1,"featured_media":2915,"comment_status":"closed","ping_status":"closed","sticky":false,"template":"","format":"standard","meta":{"footnotes":""},"categories":[7,14],"tags":[],"class_list":["post-2914","post","type-post","status-publish","format-standard","has-post-thumbnail","hentry","category-esporte","category-regiao"],"_links":{"self":[{"href":"https:\/\/interessatb.com.br\/index.php?rest_route=\/wp\/v2\/posts\/2914","targetHints":{"allow":["GET"]}}],"collection":[{"href":"https:\/\/interessatb.com.br\/index.php?rest_route=\/wp\/v2\/posts"}],"about":[{"href":"https:\/\/interessatb.com.br\/index.php?rest_route=\/wp\/v2\/types\/post"}],"author":[{"embeddable":true,"href":"https:\/\/interessatb.com.br\/index.php?rest_route=\/wp\/v2\/users\/1"}],"replies":[{"embeddable":true,"href":"https:\/\/interessatb.com.br\/index.php?rest_route=%2Fwp%2Fv2%2Fcomments&post=2914"}],"version-history":[{"count":1,"href":"https:\/\/interessatb.com.br\/index.php?rest_route=\/wp\/v2\/posts\/2914\/revisions"}],"predecessor-version":[{"id":2916,"href":"https:\/\/interessatb.com.br\/index.php?rest_route=\/wp\/v2\/posts\/2914\/revisions\/2916"}],"wp:featuredmedia":[{"embeddable":true,"href":"https:\/\/interessatb.com.br\/index.php?rest_route=\/wp\/v2\/media\/2915"}],"wp:attachment":[{"href":"https:\/\/interessatb.com.br\/index.php?rest_route=%2Fwp%2Fv2%2Fmedia&parent=2914"}],"wp:term":[{"taxonomy":"category","embeddable":true,"href":"https:\/\/interessatb.com.br\/index.php?rest_route=%2Fwp%2Fv2%2Fcategories&post=2914"},{"taxonomy":"post_tag","embeddable":true,"href":"https:\/\/interessatb.com.br\/index.php?rest_route=%2Fwp%2Fv2%2Ftags&post=2914"}],"curies":[{"name":"wp","href":"https:\/\/api.w.org\/{rel}","templated":true}]}}