{"id":2917,"date":"2024-06-11T18:00:08","date_gmt":"2024-06-11T21:00:08","guid":{"rendered":"https:\/\/interessatb.com.br\/?p=2917"},"modified":"2024-06-11T18:00:08","modified_gmt":"2024-06-11T21:00:08","slug":"imbau-e-contemplado-por-programa-estadual-de-formacao-tecnologica","status":"publish","type":"post","link":"https:\/\/interessatb.com.br\/?p=2917","title":{"rendered":"Imba\u00fa \u00e9 contemplado por programa estadual de forma\u00e7\u00e3o tecnol\u00f3gica"},"content":{"rendered":"\n<p>O munic\u00edpio faz parte do rol de 50 munic\u00edpios paranaenses selecionados para participar do do programa de forma\u00e7\u00e3o para estudantes do ensino m\u00e9dio da rede estadual de ensino. Ser\u00e3o 150 cursos com 20 vagas cada e carga hor\u00e1ria de 800 horas de aulas presenciais e a dist\u00e2ncia ao longo de 10 meses, com bolsas mensais de R$ 1.345 por estudante. <\/p>\n\n\n\n<p>O objetivo \u00e9 atender alunos da rede p\u00fablica dos cinquenta munic\u00edpios\u00a0com os menores \u00cdndices de Desenvolvimento Humano (IDH) do Paran\u00e1, nos pr\u00f3ximos tr\u00eas anos \u2013 os primeiros 1.000 j\u00e1 foram selecionados via edital e mais 2.000 ingressar\u00e3o em 2025 e 2026.\u00a0<\/p>\n\n\n\n<p>A iniciativa receber\u00e1 um investimento inicial de R$ 62 milh\u00f5es e \u00e9 fruto de uma articula\u00e7\u00e3o conjunta de diversas secretarias e \u00f3rg\u00e3os estaduais, em parceria com grandes empresas de tecnologia sediadas ou com opera\u00e7\u00f5es no Paran\u00e1. O projeto denominado &#8216;Talento Tech-PR&#8217;, foi lan\u00e7ado nesta ter\u00e7a-feira,11, pelo Governo do Estado.<\/p>\n\n\n\n<p>No curr\u00edculo dos cursos, habilidades t\u00edpicas de TIC, al\u00e9m de softskills \u2013 termo em ingl\u00eas para definir habilidades comportamentais e compet\u00eancias subjetivas \u2013 e o desenvolvimento de uma aplica\u00e7\u00e3o pr\u00e1tica ao final dos cursos ligada a problemas reais das empresas parceiras.<\/p>\n\n\n\n<p><em>Fonte: adaptado de AEN\/PR.<\/em><\/p>\n\n\n\n<p><\/p>\n","protected":false},"excerpt":{"rendered":"<div class=\"mh-excerpt\"><p>O munic\u00edpio faz parte do rol de 50 munic\u00edpios paranaenses selecionados para participar do do programa de forma\u00e7\u00e3o para estudantes do ensino m\u00e9dio da rede <a class=\"mh-excerpt-more\" href=\"https:\/\/interessatb.com.br\/?p=2917\" title=\"Imba\u00fa \u00e9 contemplado por programa estadual de forma\u00e7\u00e3o tecnol\u00f3gica\">[&#8230;]<\/a><\/p>\n<\/div>","protected":false},"author":1,"featured_media":2918,"comment_status":"closed","ping_status":"closed","sticky":false,"template":"","format":"standard","meta":{"footnotes":""},"categories":[18,5,12,14],"tags":[],"class_list":["post-2917","post","type-post","status-publish","format-standard","has-post-thumbnail","hentry","category-ciencia-e-tecnologia","category-educacao","category-parana","category-regiao"],"_links":{"self":[{"href":"https:\/\/interessatb.com.br\/index.php?rest_route=\/wp\/v2\/posts\/2917","targetHints":{"allow":["GET"]}}],"collection":[{"href":"https:\/\/interessatb.com.br\/index.php?rest_route=\/wp\/v2\/posts"}],"about":[{"href":"https:\/\/interessatb.com.br\/index.php?rest_route=\/wp\/v2\/types\/post"}],"author":[{"embeddable":true,"href":"https:\/\/interessatb.com.br\/index.php?rest_route=\/wp\/v2\/users\/1"}],"replies":[{"embeddable":true,"href":"https:\/\/interessatb.com.br\/index.php?rest_route=%2Fwp%2Fv2%2Fcomments&post=2917"}],"version-history":[{"count":1,"href":"https:\/\/interessatb.com.br\/index.php?rest_route=\/wp\/v2\/posts\/2917\/revisions"}],"predecessor-version":[{"id":2919,"href":"https:\/\/interessatb.com.br\/index.php?rest_route=\/wp\/v2\/posts\/2917\/revisions\/2919"}],"wp:featuredmedia":[{"embeddable":true,"href":"https:\/\/interessatb.com.br\/index.php?rest_route=\/wp\/v2\/media\/2918"}],"wp:attachment":[{"href":"https:\/\/interessatb.com.br\/index.php?rest_route=%2Fwp%2Fv2%2Fmedia&parent=2917"}],"wp:term":[{"taxonomy":"category","embeddable":true,"href":"https:\/\/interessatb.com.br\/index.php?rest_route=%2Fwp%2Fv2%2Fcategories&post=2917"},{"taxonomy":"post_tag","embeddable":true,"href":"https:\/\/interessatb.com.br\/index.php?rest_route=%2Fwp%2Fv2%2Ftags&post=2917"}],"curies":[{"name":"wp","href":"https:\/\/api.w.org\/{rel}","templated":true}]}}