{"id":2961,"date":"2024-10-07T09:16:00","date_gmt":"2024-10-07T12:16:00","guid":{"rendered":"https:\/\/interessatb.com.br\/?p=2961"},"modified":"2024-10-07T09:19:30","modified_gmt":"2024-10-07T12:19:30","slug":"estao-abertas-as-inscricoes-para-processo-seletivo-2024-2025-do-ifpr","status":"publish","type":"post","link":"https:\/\/interessatb.com.br\/?p=2961","title":{"rendered":"Est\u00e3o abertas as inscri\u00e7\u00f5es para Processo Seletivo 2024\/2025 do IFPR"},"content":{"rendered":"\n<p>Desde de quinta-feira (03) est\u00e3o abertas as inscri\u00e7\u00f5es para os cursos t\u00e9cnicos integrados e subsequentes ao ensino m\u00e9dio e de gradua\u00e7\u00e3o do Processo Seletivo do IFPR 2024\/2025. Ao todo ser\u00e3o ofertadas 7.107 vagas, sendo 3.965 para os cursos t\u00e9cnicos integrados e subsequentes e 3.142 vagas para os cursos de gradua\u00e7\u00e3o (bacharelado, licenciatura e tecnologia).<\/p>\n\n\n\n<p><strong>INSCRI\u00c7\u00c3O<\/strong><\/p>\n\n\n\n<p>A inscri\u00e7\u00e3o deve ser realizada atrav\u00e9s do <a href=\"https:\/\/portaldocandidato.ifpr.edu.br\/\">Portal do Candidato<\/a>, onde o candidato dever\u00e1 realizar o login atrav\u00e9s de sua conta pessoal no Portal gov.br e seguir os passos dispostos no edital correspondente ao tipo de curso desejado.<\/p>\n\n\n\n<p><strong>PRAZOS E FORMA DE SELE\u00c7\u00c3O<\/strong><\/p>\n\n\n\n<p>Para os cursos t\u00e9cnicos integrados e subsequentes ao Ensino M\u00e9dio, as inscri\u00e7\u00f5es est\u00e3o abertas at\u00e9 o dia 1\u00ba de novembro de 2024. As inscri\u00e7\u00f5es t\u00eam um custo de R$30 e os candidatos t\u00eam at\u00e9 o dia 25 de outubro para solicitar a isen\u00e7\u00e3o do pagamento da taxa de inscri\u00e7\u00e3o.&nbsp;<\/p>\n\n\n\n<p>Para os cursos de gradua\u00e7\u00e3o, o per\u00edodo de inscri\u00e7\u00e3o vai at\u00e9 o dia 17 de janeiro de 2025. O custo das inscri\u00e7\u00f5es \u00e9 de R$50 e a solicita\u00e7\u00e3o de isen\u00e7\u00e3o da taxa pode ser realizada at\u00e9 o dia 15 de janeiro de 2025. Para os cursos de licenciatura n\u00e3o \u00e9 necess\u00e1rio o pagamento da taxa de inscri\u00e7\u00e3o.&nbsp;<\/p>\n\n\n\n<p>\u00c9 importante destacar que para o processo seletivo deste ano <strong>a forma de sele\u00e7\u00e3o mudou e n\u00e3o haver\u00e1 prova<\/strong>. Para os cursos t\u00e9cnicos integrados ao Ensino M\u00e9dio e subsequentes ser\u00e1 feita uma an\u00e1lise de curr\u00edculo escolar dos candidatos e, para os cursos superiores, ser\u00e1 utilizada a nota do Enem.<\/p>\n\n\n\n<p><strong>CURSOS OFERTADOS<\/strong><\/p>\n\n\n\n<p>Em Tel\u00eamaco Borba s\u00e3o ofertados cursos t\u00e9cnicos e de gradua\u00e7\u00e3o. Os cursos t\u00e9cnicos s\u00e3o na modalidade Integrado, o que significa que s\u00e3o realizados ao mesmo tempo que o ensino m\u00e9dio. J\u00e1 os cursos superiores podem ser ofertados como bacharelado, licenciatura ou tecnologia, a depender da \u00e1rea escolhida.<\/p>\n\n\n\n<p><strong>Cursos t\u00e9cnicos ofertados: <\/strong>Automa\u00e7\u00e3o Industrial, Inform\u00e1tica para Internet, Mec\u00e2nica e Programa\u00e7\u00e3o de Jogos Digitais<\/p>\n\n\n\n<p><strong>Cursos superiores ofertados: <\/strong>Engenharia El\u00e9trica, F\u00edsica, An\u00e1lise e Desenvolvimento de Sistemas, Automa\u00e7\u00e3o Industrial e Manuten\u00e7\u00e3o Industrial.<\/p>\n\n\n\n<p><\/p>\n\n\n\n<figure class=\"wp-block-image size-large\"><img loading=\"lazy\" decoding=\"async\" width=\"1024\" height=\"1024\" src=\"https:\/\/interessatb.com.br\/wp-content\/uploads\/2024\/10\/post-integrados-1-1024x1024.png\" alt=\"\" class=\"wp-image-2964\" srcset=\"https:\/\/interessatb.com.br\/wp-content\/uploads\/2024\/10\/post-integrados-1-1024x1024.png 1024w, https:\/\/interessatb.com.br\/wp-content\/uploads\/2024\/10\/post-integrados-1-300x300.png 300w, https:\/\/interessatb.com.br\/wp-content\/uploads\/2024\/10\/post-integrados-1-150x150.png 150w, https:\/\/interessatb.com.br\/wp-content\/uploads\/2024\/10\/post-integrados-1-768x768.png 768w, https:\/\/interessatb.com.br\/wp-content\/uploads\/2024\/10\/post-integrados-1.png 1110w\" sizes=\"auto, (max-width: 1024px) 100vw, 1024px\" \/><\/figure>\n\n\n\n<p><\/p>\n\n\n\n<figure class=\"wp-block-image size-large\"><img loading=\"lazy\" decoding=\"async\" width=\"1024\" height=\"1024\" src=\"https:\/\/interessatb.com.br\/wp-content\/uploads\/2024\/10\/post-graduacao-1-1024x1024.png\" alt=\"\" class=\"wp-image-2965\" srcset=\"https:\/\/interessatb.com.br\/wp-content\/uploads\/2024\/10\/post-graduacao-1-1024x1024.png 1024w, https:\/\/interessatb.com.br\/wp-content\/uploads\/2024\/10\/post-graduacao-1-300x300.png 300w, https:\/\/interessatb.com.br\/wp-content\/uploads\/2024\/10\/post-graduacao-1-150x150.png 150w, https:\/\/interessatb.com.br\/wp-content\/uploads\/2024\/10\/post-graduacao-1-768x768.png 768w, https:\/\/interessatb.com.br\/wp-content\/uploads\/2024\/10\/post-graduacao-1.png 1080w\" sizes=\"auto, (max-width: 1024px) 100vw, 1024px\" \/><\/figure>\n","protected":false},"excerpt":{"rendered":"<div class=\"mh-excerpt\"><p>Desde de quinta-feira (03) est\u00e3o abertas as inscri\u00e7\u00f5es para os cursos t\u00e9cnicos integrados e subsequentes ao ensino m\u00e9dio e de gradua\u00e7\u00e3o do Processo Seletivo do <a class=\"mh-excerpt-more\" href=\"https:\/\/interessatb.com.br\/?p=2961\" title=\"Est\u00e3o abertas as inscri\u00e7\u00f5es para Processo Seletivo 2024\/2025 do IFPR\">[&#8230;]<\/a><\/p>\n<\/div>","protected":false},"author":1,"featured_media":2963,"comment_status":"closed","ping_status":"open","sticky":false,"template":"","format":"standard","meta":{"footnotes":""},"categories":[14,1],"tags":[],"class_list":["post-2961","post","type-post","status-publish","format-standard","has-post-thumbnail","hentry","category-regiao","category-sem-categoria"],"_links":{"self":[{"href":"https:\/\/interessatb.com.br\/index.php?rest_route=\/wp\/v2\/posts\/2961","targetHints":{"allow":["GET"]}}],"collection":[{"href":"https:\/\/interessatb.com.br\/index.php?rest_route=\/wp\/v2\/posts"}],"about":[{"href":"https:\/\/interessatb.com.br\/index.php?rest_route=\/wp\/v2\/types\/post"}],"author":[{"embeddable":true,"href":"https:\/\/interessatb.com.br\/index.php?rest_route=\/wp\/v2\/users\/1"}],"replies":[{"embeddable":true,"href":"https:\/\/interessatb.com.br\/index.php?rest_route=%2Fwp%2Fv2%2Fcomments&post=2961"}],"version-history":[{"count":1,"href":"https:\/\/interessatb.com.br\/index.php?rest_route=\/wp\/v2\/posts\/2961\/revisions"}],"predecessor-version":[{"id":2966,"href":"https:\/\/interessatb.com.br\/index.php?rest_route=\/wp\/v2\/posts\/2961\/revisions\/2966"}],"wp:featuredmedia":[{"embeddable":true,"href":"https:\/\/interessatb.com.br\/index.php?rest_route=\/wp\/v2\/media\/2963"}],"wp:attachment":[{"href":"https:\/\/interessatb.com.br\/index.php?rest_route=%2Fwp%2Fv2%2Fmedia&parent=2961"}],"wp:term":[{"taxonomy":"category","embeddable":true,"href":"https:\/\/interessatb.com.br\/index.php?rest_route=%2Fwp%2Fv2%2Fcategories&post=2961"},{"taxonomy":"post_tag","embeddable":true,"href":"https:\/\/interessatb.com.br\/index.php?rest_route=%2Fwp%2Fv2%2Ftags&post=2961"}],"curies":[{"name":"wp","href":"https:\/\/api.w.org\/{rel}","templated":true}]}}