{"id":299,"date":"2021-08-20T22:48:58","date_gmt":"2021-08-21T01:48:58","guid":{"rendered":"https:\/\/interessatb.com.br\/?p=299"},"modified":"2022-08-21T10:53:52","modified_gmt":"2022-08-21T13:53:52","slug":"educacao-municipal-de-tibagi-tem-nova-etapa-de-retorno-as-aulas-presenciais-nesta-segunda-23","status":"publish","type":"post","link":"https:\/\/interessatb.com.br\/?p=299","title":{"rendered":"Educa\u00e7\u00e3o municipal de Tibagi tem nova etapa de retorno \u00e0s aulas presenciais nesta segunda, 23"},"content":{"rendered":"\n<p>Alunos da pr\u00e9-escola, 1\u00ba e 2\u00ba ano, da rede municipal de ensino de Tibagi retornam \u00e0s aulas presenciais nesta segunda-feira, dia 23. O formato do retorno ainda ser\u00e1 h\u00edbrido e gradual. No dia 02 deste m\u00eas j\u00e1 haviam retornado alunos do 3\u00ba, 4\u00ba e 5\u00ba anos. O retorno ocorreu de forma tranquila, conforme informou a Secret\u00e1ria de Educa\u00e7\u00e3o e Cultura, Anne Elize Wrobel. &#8220;Nenhuma crian\u00e7a apresentou sintoma&#8221; garante a Secret\u00e1ria, conforme nota da prefeitura.<\/p>\n\n\n\n<p>O retorno foi aprovado pelo Comit\u00ea Municipal de Volta \u00e0s Aulas em reuni\u00e3o realizada na \u00faltima segunda-feira (16) no audit\u00f3rio da Secretaria Municipal de Educa\u00e7\u00e3o e Cultura &#8211; SEMEC. Para maiores informa\u00e7\u00f5es os pais ou respons\u00e1veis s\u00e3o orientados a procurar a dire\u00e7\u00e3o da escola onde seus filhos est\u00e3o matriculados.<\/p>\n\n\n<div class=\"wp-block-image\">\n<figure class=\"alignleft size-full is-resized\"><img loading=\"lazy\" decoding=\"async\" src=\"http:\/\/interessatb.com.br\/wp-content\/uploads\/2022\/08\/logo-casotec.png\" alt=\"\" class=\"wp-image-980\" width=\"384\" height=\"320\"\/><\/figure>\n<\/div>\n\n\n<p><strong>Veja tamb\u00e9m<\/strong><\/p>\n\n\n\n<p><a href=\"https:\/\/interessatb.com.br\/2021\/07\/29\/museu-de-tibagi-homenageia-o-futebol-da-cidade-com-exposicao\/\">Museu de Tibagi homenageia o futebol da cidade com exposi\u00e7\u00e3o<\/a><\/p>\n\n\n\n<p><a href=\"https:\/\/interessatb.com.br\/2021\/07\/21\/ministro-da-educacao-conclamou-em-rede-nacional-o-retorno-as-aulas-presencias\/\">Ministro da Educa\u00e7\u00e3o conclama o retorno \u00e0s aulas presenciais. Como est\u00e1 a situa\u00e7\u00e3o em Tel\u00eamaco Borba<\/a><\/p>\n\n\n\n<p>A Secret\u00e1ria Anne Elize afirmou que o retorno vai seguir todos os protocolos de seguran\u00e7a para a preven\u00e7\u00e3o da Covid-19 e foi decido com base em crit\u00e9rios t\u00e9cnicos.<\/p>\n","protected":false},"excerpt":{"rendered":"<div class=\"mh-excerpt\"><p>Alunos da pr\u00e9-escola, 1\u00ba e 2\u00ba ano, da rede municipal de ensino de Tibagi retornam \u00e0s aulas presenciais nesta segunda-feira, dia 23. O formato do <a class=\"mh-excerpt-more\" href=\"https:\/\/interessatb.com.br\/?p=299\" title=\"Educa\u00e7\u00e3o municipal de Tibagi tem nova etapa de retorno \u00e0s aulas presenciais nesta segunda, 23\">[&#8230;]<\/a><\/p>\n<\/div>","protected":false},"author":1,"featured_media":1240,"comment_status":"closed","ping_status":"closed","sticky":false,"template":"","format":"standard","meta":{"footnotes":""},"categories":[5,14],"tags":[],"class_list":["post-299","post","type-post","status-publish","format-standard","has-post-thumbnail","hentry","category-educacao","category-regiao"],"_links":{"self":[{"href":"https:\/\/interessatb.com.br\/index.php?rest_route=\/wp\/v2\/posts\/299","targetHints":{"allow":["GET"]}}],"collection":[{"href":"https:\/\/interessatb.com.br\/index.php?rest_route=\/wp\/v2\/posts"}],"about":[{"href":"https:\/\/interessatb.com.br\/index.php?rest_route=\/wp\/v2\/types\/post"}],"author":[{"embeddable":true,"href":"https:\/\/interessatb.com.br\/index.php?rest_route=\/wp\/v2\/users\/1"}],"replies":[{"embeddable":true,"href":"https:\/\/interessatb.com.br\/index.php?rest_route=%2Fwp%2Fv2%2Fcomments&post=299"}],"version-history":[{"count":1,"href":"https:\/\/interessatb.com.br\/index.php?rest_route=\/wp\/v2\/posts\/299\/revisions"}],"predecessor-version":[{"id":1241,"href":"https:\/\/interessatb.com.br\/index.php?rest_route=\/wp\/v2\/posts\/299\/revisions\/1241"}],"wp:featuredmedia":[{"embeddable":true,"href":"https:\/\/interessatb.com.br\/index.php?rest_route=\/wp\/v2\/media\/1240"}],"wp:attachment":[{"href":"https:\/\/interessatb.com.br\/index.php?rest_route=%2Fwp%2Fv2%2Fmedia&parent=299"}],"wp:term":[{"taxonomy":"category","embeddable":true,"href":"https:\/\/interessatb.com.br\/index.php?rest_route=%2Fwp%2Fv2%2Fcategories&post=299"},{"taxonomy":"post_tag","embeddable":true,"href":"https:\/\/interessatb.com.br\/index.php?rest_route=%2Fwp%2Fv2%2Ftags&post=299"}],"curies":[{"name":"wp","href":"https:\/\/api.w.org\/{rel}","templated":true}]}}