{"id":3002,"date":"2025-01-12T11:13:25","date_gmt":"2025-01-12T14:13:25","guid":{"rendered":"https:\/\/interessatb.com.br\/?p=3002"},"modified":"2025-01-12T11:13:25","modified_gmt":"2025-01-12T14:13:25","slug":"o-otimista-transforma-problemas-em-desafios","status":"publish","type":"post","link":"https:\/\/interessatb.com.br\/?p=3002","title":{"rendered":"O otimista transforma problemas em desafios"},"content":{"rendered":"\n<figure class=\"wp-block-image size-thumbnail is-style-rounded\"><img loading=\"lazy\" decoding=\"async\" width=\"150\" height=\"150\" src=\"https:\/\/interessatb.com.br\/wp-content\/uploads\/2024\/02\/image-150x150.png\" alt=\"Jacir Venturi\" class=\"wp-image-2732\"\/><\/figure>\n\n\n\n<p>Jacir Venturi*<\/p>\n\n\n\n<p>A sabedoria popular nos presenteia com narrativas apraz\u00edveis, criadas e enriquecidas com inventividade ao longo dos s\u00e9culos e transmitidas oralmente de gera\u00e7\u00e3o em gera\u00e7\u00e3o. Muitas delas ilustram como, diante de um mesmo fato, podemos observar vis\u00f5es e comportamentos antag\u00f4nicos. Em uma tempestade com ventos fortes, o que faz o comandante do veleiro? Se for pessimista, entrega-se a lamentos e queixumes; se for otimista, espera que o vento mude; se for realista, vai at\u00e9 o mastro e ajusta as velas.<br>Uma historieta conta que, com a chegada do Natal, um bom pai resolveu presentear os dois filhos. O mais velho era um empedernido pessimista e de sua boca s\u00f3 sa\u00edam lam\u00farias e reclama\u00e7\u00f5es. O segundo filho, ao contr\u00e1rio, era um otimista contumaz, contagiando a todos com suas manifesta\u00e7\u00f5es de j\u00fabilo e exulta\u00e7\u00e3o.<br>Ao pessimista, o pai deu uma bicicleta:<br>\u2014 Poxa, pai, mal sei andar, temo me machucar. Al\u00e9m disso, a cor verde n\u00e3o me agrada\u2026<br>Para o outro filho, entregou um pacote. Ao desembrulh\u00e1-lo, o filho verificou que era estrume e, saltitando de alegria, exclamou:<br>\u2014 Oba, oba\u2026 cad\u00ea o meu cavalo, cad\u00ea o meu cavalo?<br>E, de fato, no est\u00e1bulo, l\u00e1 estava o cavalo com o nome do filho otimista. Ou seja, o bom pai, com seu \u201cfeeling\u201drealista, j\u00e1 havia intu\u00eddo que, para um filho, muito seria pouco e, para o outro, pouco seria muito.<br>Hist\u00f3ria \u00e0 parte, a positividade \u00e9 de fato essencial em qualquer ambiente (social, familiar ou corporativo). Todavia, em excesso, tanto o otimismo quanto o pessimismo geram vieses, extremismos e partidarismos que tornam m\u00edope uma boa parte da popula\u00e7\u00e3o em rela\u00e7\u00e3o aos seus governantes, da\u00ed decorrem provoca\u00e7\u00f5es espirituosas, tro\u00e7as e motejos.<br>Nesse sentido, no Brasil, conta outra narrativa que o povo estaria dividido entre otimistas e pessimistas:<br>\u2014 Quem s\u00e3o os otimistas? \u2014 perguntou o Presidente.<br>\u2014 S\u00e3o os que acham que, em poucos meses, comeremos capim \u2014 respondeu o Ministro.<br>\u2014 E os pessimistas?<br>\u2014 S\u00e3o os que acham que o capim n\u00e3o vai dar para todo mundo.<br>Os italianos s\u00e3o at\u00e9 mais irreverentes e pessimistas do que n\u00f3s em rela\u00e7\u00e3o aos pol\u00edticos, sendo comum o mote: &#8216;Sta piovendo, governo ladro!&#8217; \u2013 ou seja, at\u00e9 mesmo um fen\u00f4meno natural e frequente como &#8216;Sta piovendo&#8217; (est\u00e1 chovendo) seria culpa do governo, que \u00e9 ladr\u00e3o, corrupto.<br>Sou apaixonado por hist\u00f3rias como essas, bem como por frases e pensamentos cl\u00e1ssicos ou populares. Ao longo dos anos, colecionei milhares, garimpados em \u00e1guas l\u00edmpidas ou barrentas, da margem ao talvegue. Ao longo de minha vida profissional, dediquei-me ao ensino da matem\u00e1tica, \u00e0 gest\u00e3o escolar e \u00e0 engenharia, mas nunca deixei de reservar cerca de uma hora di\u00e1ria para leituras, durante as quais, tergiversando, milhares de conchas passaram por mim. Abri-las, uma a uma, foi um prazer com a vol\u00fapia de quem escolhe maravilhosas p\u00e9rolas entre moluscos e n\u00e1cares.<br>Uma boa frase pode suplantar cinco ou dez p\u00e1ginas de um livro, com o efeito de um petardo, pois, al\u00e9m de facilmente memoriz\u00e1vel, tem o cond\u00e3o de provocar uma catarse que impacta o cora\u00e7\u00e3o e a mente. \u00c9 com esse prop\u00f3sito que deixo para o estimado leitor tr\u00eas frases sobre o otimismo ou seu contraponto, sendo a primeira delas a inspira\u00e7\u00e3o para este texto.<\/p>\n\n\n\n<ul class=\"wp-block-list\">\n<li>&#8220;O pessimista transforma desafios em problemas. O otimista transforma problemas em desafios.&#8221;<br>Rupert Murdoch (n.1931), empres\u00e1rio australiano-americano, acionista majorit\u00e1rio de grandes grupos de comunica\u00e7\u00e3o nos EUA<\/li>\n\n\n\n<li>&#8220;Nem todos os otimistas s\u00e3o profissionais de sucesso, mas todos os profissionais de sucesso s\u00e3o otimistas.&#8221;<br>Conceito amplamente difundido em literatura de gest\u00e3o e desenvolvimento pessoal, em que o otimismo \u00e9 frequentemente associado \u00e0 resili\u00eancia, \u00e0 capacidade de superar desafios e \u00e0 manuten\u00e7\u00e3o de uma atitude proativa diante das adversidades.<\/li>\n\n\n\n<li>&#8220;\u00c9 preciso ser pessimista na an\u00e1lise e otimista na a\u00e7\u00e3o.&#8221;<br>Antonio Gramsci (1891-1937), fil\u00f3sofo, pol\u00edtico e marxista italiano. Para Gramsci, quando na fase de planejamento, devemos analisar os fatos sem ilus\u00f5es, reconhecendo os desafios, obst\u00e1culos e poss\u00edveis falhas.<\/li>\n<\/ul>\n\n\n\n<p><em>(*) Jacir J. Venturi foi professor e gestor da Educa\u00e7\u00e3o B\u00e1sica e do Ensino Superior; atualmente \u00e9 membro do Conselho Estadual de Educa\u00e7\u00e3o do Paran\u00e1 (CEE\/PR) e do Centro de Letras do Paran\u00e1 (CLP).<\/em><\/p>\n","protected":false},"excerpt":{"rendered":"<div class=\"mh-excerpt\"><p>Jacir Venturi* A sabedoria popular nos presenteia com narrativas apraz\u00edveis, criadas e enriquecidas com inventividade ao longo dos s\u00e9culos e transmitidas oralmente de gera\u00e7\u00e3o em <a class=\"mh-excerpt-more\" href=\"https:\/\/interessatb.com.br\/?p=3002\" title=\"O otimista transforma problemas em desafios\">[&#8230;]<\/a><\/p>\n<\/div>","protected":false},"author":1,"featured_media":3003,"comment_status":"closed","ping_status":"closed","sticky":false,"template":"","format":"standard","meta":{"footnotes":""},"categories":[3,9],"tags":[],"class_list":["post-3002","post","type-post","status-publish","format-standard","has-post-thumbnail","hentry","category-colunistas","category-colunista-jacir-venturi"],"_links":{"self":[{"href":"https:\/\/interessatb.com.br\/index.php?rest_route=\/wp\/v2\/posts\/3002","targetHints":{"allow":["GET"]}}],"collection":[{"href":"https:\/\/interessatb.com.br\/index.php?rest_route=\/wp\/v2\/posts"}],"about":[{"href":"https:\/\/interessatb.com.br\/index.php?rest_route=\/wp\/v2\/types\/post"}],"author":[{"embeddable":true,"href":"https:\/\/interessatb.com.br\/index.php?rest_route=\/wp\/v2\/users\/1"}],"replies":[{"embeddable":true,"href":"https:\/\/interessatb.com.br\/index.php?rest_route=%2Fwp%2Fv2%2Fcomments&post=3002"}],"version-history":[{"count":1,"href":"https:\/\/interessatb.com.br\/index.php?rest_route=\/wp\/v2\/posts\/3002\/revisions"}],"predecessor-version":[{"id":3004,"href":"https:\/\/interessatb.com.br\/index.php?rest_route=\/wp\/v2\/posts\/3002\/revisions\/3004"}],"wp:featuredmedia":[{"embeddable":true,"href":"https:\/\/interessatb.com.br\/index.php?rest_route=\/wp\/v2\/media\/3003"}],"wp:attachment":[{"href":"https:\/\/interessatb.com.br\/index.php?rest_route=%2Fwp%2Fv2%2Fmedia&parent=3002"}],"wp:term":[{"taxonomy":"category","embeddable":true,"href":"https:\/\/interessatb.com.br\/index.php?rest_route=%2Fwp%2Fv2%2Fcategories&post=3002"},{"taxonomy":"post_tag","embeddable":true,"href":"https:\/\/interessatb.com.br\/index.php?rest_route=%2Fwp%2Fv2%2Ftags&post=3002"}],"curies":[{"name":"wp","href":"https:\/\/api.w.org\/{rel}","templated":true}]}}