{"id":3020,"date":"2025-01-13T23:34:00","date_gmt":"2025-01-14T02:34:00","guid":{"rendered":"https:\/\/interessatb.com.br\/?p=3020"},"modified":"2025-01-13T23:34:00","modified_gmt":"2025-01-14T02:34:00","slug":"novas-diretoras-da-rede-municipal-de-ensino-de-telemaco-borba-tomaram-posse-neste-dia-13","status":"publish","type":"post","link":"https:\/\/interessatb.com.br\/?p=3020","title":{"rendered":"Novas diretoras da Rede Municipal de Ensino de Tel\u00eamaco Borba tomaram posse neste dia 13"},"content":{"rendered":"\n<p>A prefeita Rita Mara de Paula Ara\u00fajo e o secret\u00e1rio municipal de Educa\u00e7\u00e3o, Dr. Eros Danilo Ara\u00fajo, deram posse as diretoras das escolas municipais e CMEIs &#8211; Centros Municipais de Educa\u00e7\u00e3o Infantil da Rede Municipal de Ensino de Tel\u00eamaco Borba.<\/p>\n\n\n\n<p>A solenidade ocorreu, nessa segunda-feira (13) no audit\u00f3rio Professora Carmem Iolanda Dal\u00e9cio, da Secretaria Municipal de Educa\u00e7\u00e3o, e contou com a participa\u00e7\u00e3o do vice-prefeito Jefferson Abreu, do presidente da C\u00e2mara, Antonio Siderlei Siqueira, e outras autoridades.<\/p>\n\n\n\n<p>Ao todo, 39 institui\u00e7\u00f5es de ensino, sendo 23 escolas e 16 CMEIs, tiveram suas novas diretoras empossadas. Dentre elas, 27 foram eleitas por meio de processo eleitoral, enquanto 12 foram indicadas. A gest\u00e3o municipal tamb\u00e9m decidiu prorrogar o mandato de algumas diretoras em exerc\u00edcio, garantindo que o in\u00edcio do ano letivo ocorra sem interrup\u00e7\u00f5es.<\/p>\n\n\n\n<p>Em seu discurso, a prefeita destacou a import\u00e2ncia do trabalho colaborativo entre a gest\u00e3o municipal e as diretoras para promover uma educa\u00e7\u00e3o de qualidade, focada no acolhimento e no desenvolvimento das crian\u00e7as e jovens.<\/p>\n\n\n\n<p>Dentre as autoridades presentes, manifestaram-se ainda o vice-prefeito Jefferson Abreu, o secret\u00e1rio de educa\u00e7\u00e3o Dr. Eros Danilo Ara\u00fajo e o presidente da C\u00e2mara de Vereadores Antonio Siderlei Siqueira.<\/p>\n\n\n\n<p><em>Fonte: Divulga\u00e7\u00e3o PMTB.<\/em><\/p>\n","protected":false},"excerpt":{"rendered":"<div class=\"mh-excerpt\"><p>A prefeita Rita Mara de Paula Ara\u00fajo e o secret\u00e1rio municipal de Educa\u00e7\u00e3o, Dr. Eros Danilo Ara\u00fajo, deram posse as diretoras das escolas municipais e <a class=\"mh-excerpt-more\" href=\"https:\/\/interessatb.com.br\/?p=3020\" title=\"Novas diretoras da Rede Municipal de Ensino de Tel\u00eamaco Borba tomaram posse neste dia 13\">[&#8230;]<\/a><\/p>\n<\/div>","protected":false},"author":1,"featured_media":3021,"comment_status":"open","ping_status":"open","sticky":false,"template":"","format":"standard","meta":{"footnotes":""},"categories":[2,5],"tags":[],"class_list":["post-3020","post","type-post","status-publish","format-standard","has-post-thumbnail","hentry","category-cidade","category-educacao"],"_links":{"self":[{"href":"https:\/\/interessatb.com.br\/index.php?rest_route=\/wp\/v2\/posts\/3020","targetHints":{"allow":["GET"]}}],"collection":[{"href":"https:\/\/interessatb.com.br\/index.php?rest_route=\/wp\/v2\/posts"}],"about":[{"href":"https:\/\/interessatb.com.br\/index.php?rest_route=\/wp\/v2\/types\/post"}],"author":[{"embeddable":true,"href":"https:\/\/interessatb.com.br\/index.php?rest_route=\/wp\/v2\/users\/1"}],"replies":[{"embeddable":true,"href":"https:\/\/interessatb.com.br\/index.php?rest_route=%2Fwp%2Fv2%2Fcomments&post=3020"}],"version-history":[{"count":1,"href":"https:\/\/interessatb.com.br\/index.php?rest_route=\/wp\/v2\/posts\/3020\/revisions"}],"predecessor-version":[{"id":3022,"href":"https:\/\/interessatb.com.br\/index.php?rest_route=\/wp\/v2\/posts\/3020\/revisions\/3022"}],"wp:featuredmedia":[{"embeddable":true,"href":"https:\/\/interessatb.com.br\/index.php?rest_route=\/wp\/v2\/media\/3021"}],"wp:attachment":[{"href":"https:\/\/interessatb.com.br\/index.php?rest_route=%2Fwp%2Fv2%2Fmedia&parent=3020"}],"wp:term":[{"taxonomy":"category","embeddable":true,"href":"https:\/\/interessatb.com.br\/index.php?rest_route=%2Fwp%2Fv2%2Fcategories&post=3020"},{"taxonomy":"post_tag","embeddable":true,"href":"https:\/\/interessatb.com.br\/index.php?rest_route=%2Fwp%2Fv2%2Ftags&post=3020"}],"curies":[{"name":"wp","href":"https:\/\/api.w.org\/{rel}","templated":true}]}}