{"id":3023,"date":"2025-01-13T23:47:22","date_gmt":"2025-01-14T02:47:22","guid":{"rendered":"https:\/\/interessatb.com.br\/?p=3023"},"modified":"2025-01-13T23:47:22","modified_gmt":"2025-01-14T02:47:22","slug":"solenidade-marca-a-transmissao-do-cargo-de-prefeito-do-dr-marcio-para-rita-araujo","status":"publish","type":"post","link":"https:\/\/interessatb.com.br\/?p=3023","title":{"rendered":"Solenidade marca a transmiss\u00e3o do cargo de prefeito do Dr. Marcio para Rita Ara\u00fajo"},"content":{"rendered":"\n<p>Uma solenidade, na manh\u00e3 de segunda-feira (06), no hall de entrada da Prefeitura, marcou a transmiss\u00e3o do cargo de prefeito, de Dr. Marcio Matos para a atual chefe do Executivo, Rita Ara\u00fajo.<\/p>\n\n\n\n<p>Rita tamb\u00e9m destacou a presen\u00e7a de dois ex-prefeitos, participando do primeiro escal\u00e3o do seu mandato. \u201cEm S\u00e3o Paulo o atual prefeito tamb\u00e9m convidou ex-prefeitos para participar, assim como acontece em outras cidades grandes pelo Brasil. Para mim \u00e9 uma honra ter o Eros e o Dr. Marcio ao meu lado. Eu agrade\u00e7o por terem aceitado o convite\u201d.<\/p>\n\n\n\n<p>O ex-prefeito, Dr. Marcio, fez um discurso de despedida do cargo com muita emo\u00e7\u00e3o. \u201cEu nunca vi esta cidade t\u00e3o bonita. Fico feliz que a sociedade compreendeu o que fizemos&#8221;. Afirmou ainda que est\u00e1 \u00e0 disposi\u00e7\u00e3o para ajudar a atual prefeita. Dr. marcio foi anunciado como secret\u00e1rio da Ordem P\u00fablica do atual governo municipal.<\/p>\n\n\n\n<p><em>Fonte: Divulga\u00e7\u00e3o PMTB.<\/em><\/p>\n","protected":false},"excerpt":{"rendered":"<div class=\"mh-excerpt\"><p>Uma solenidade, na manh\u00e3 de segunda-feira (06), no hall de entrada da Prefeitura, marcou a transmiss\u00e3o do cargo de prefeito, de Dr. Marcio Matos para <a class=\"mh-excerpt-more\" href=\"https:\/\/interessatb.com.br\/?p=3023\" title=\"Solenidade marca a transmiss\u00e3o do cargo de prefeito do Dr. Marcio para Rita Ara\u00fajo\">[&#8230;]<\/a><\/p>\n<\/div>","protected":false},"author":1,"featured_media":3024,"comment_status":"closed","ping_status":"closed","sticky":false,"template":"","format":"standard","meta":{"footnotes":""},"categories":[2,13],"tags":[],"class_list":["post-3023","post","type-post","status-publish","format-standard","has-post-thumbnail","hentry","category-cidade","category-politica"],"_links":{"self":[{"href":"https:\/\/interessatb.com.br\/index.php?rest_route=\/wp\/v2\/posts\/3023","targetHints":{"allow":["GET"]}}],"collection":[{"href":"https:\/\/interessatb.com.br\/index.php?rest_route=\/wp\/v2\/posts"}],"about":[{"href":"https:\/\/interessatb.com.br\/index.php?rest_route=\/wp\/v2\/types\/post"}],"author":[{"embeddable":true,"href":"https:\/\/interessatb.com.br\/index.php?rest_route=\/wp\/v2\/users\/1"}],"replies":[{"embeddable":true,"href":"https:\/\/interessatb.com.br\/index.php?rest_route=%2Fwp%2Fv2%2Fcomments&post=3023"}],"version-history":[{"count":1,"href":"https:\/\/interessatb.com.br\/index.php?rest_route=\/wp\/v2\/posts\/3023\/revisions"}],"predecessor-version":[{"id":3025,"href":"https:\/\/interessatb.com.br\/index.php?rest_route=\/wp\/v2\/posts\/3023\/revisions\/3025"}],"wp:featuredmedia":[{"embeddable":true,"href":"https:\/\/interessatb.com.br\/index.php?rest_route=\/wp\/v2\/media\/3024"}],"wp:attachment":[{"href":"https:\/\/interessatb.com.br\/index.php?rest_route=%2Fwp%2Fv2%2Fmedia&parent=3023"}],"wp:term":[{"taxonomy":"category","embeddable":true,"href":"https:\/\/interessatb.com.br\/index.php?rest_route=%2Fwp%2Fv2%2Fcategories&post=3023"},{"taxonomy":"post_tag","embeddable":true,"href":"https:\/\/interessatb.com.br\/index.php?rest_route=%2Fwp%2Fv2%2Ftags&post=3023"}],"curies":[{"name":"wp","href":"https:\/\/api.w.org\/{rel}","templated":true}]}}